{"id":9936,"date":"2024-10-21T23:48:35","date_gmt":"2024-10-22T02:48:35","guid":{"rendered":"https:\/\/www.aestrada.com.br\/v1\/?p=9936"},"modified":"2024-10-21T23:48:43","modified_gmt":"2024-10-22T02:48:43","slug":"jornalismo-impresso-e-a-midia-virtual","status":"publish","type":"post","link":"https:\/\/www.aestrada.com.br\/v1\/2024\/10\/21\/jornalismo-impresso-e-a-midia-virtual\/","title":{"rendered":"JORNALISMO IMPRESSO E A M\u00cdDIA VIRTUAL"},"content":{"rendered":"<p><a href=\"https:\/\/www.aestrada.com.br\/v1\/wp-content\/uploads\/2024\/10\/DSC_8386.jpg\"><img loading=\"lazy\" class=\"aligncenter size-full wp-image-9937\" src=\"https:\/\/www.aestrada.com.br\/v1\/wp-content\/uploads\/2024\/10\/DSC_8386.jpg\" alt=\"\" width=\"550\" height=\"365\" srcset=\"https:\/\/www.aestrada.com.br\/v1\/wp-content\/uploads\/2024\/10\/DSC_8386.jpg 550w, https:\/\/www.aestrada.com.br\/v1\/wp-content\/uploads\/2024\/10\/DSC_8386-300x199.jpg 300w\" sizes=\"(max-width: 550px) 100vw, 550px\" \/><\/a><\/p>\n<p>Mais uma vez tivemos uma noite do sarau colaborativo no \u00faltimo s\u00e1bado, dia 19\/10, no Espa\u00e7o Cultural A Estrada, com a participa\u00e7\u00e3o de mais de 30 pessoas quando discutimos o tema \u201cJornalismo Impresso e a M\u00eddia Virtual: Correla\u00e7\u00f5es\u201d. Na pauta tivemos tamb\u00e9m a escolha da nova comiss\u00e3o que vai organizar os pr\u00f3ximos eventos.<\/p>\n<p>Os trabalhos do sarau, que est\u00e1 completando 14 anos e j\u00e1 foi premiado com o trof\u00e9u Glauber Rocha, foram abertos pelo nosso companheiro Luis Alt\u00e9rio, e a nova comiss\u00e3o, aclamada por todos, ficou composta por Cl\u00e9u Flor, Dall Farias, Edna Brito e Alex Baducha. Logo em seguida, o jornalista e escritor Jeremias Mac\u00e1rio abriu o bate papo sobre o assunto da noite.<\/p>\n<p>Em sua conversa, ele fez uma viagem ao tempo quando citou um ensaio manuscrito de 1900, de Mark Twain, sobre o alem\u00e3o Gutenberg, o inventor da arte da impress\u00e3o. As considera\u00e7\u00f5es do escrito nos levaram a uma reflex\u00e3o sobre os tempos atuais da internet e das redes sociais.<\/p>\n<p><a href=\"https:\/\/www.aestrada.com.br\/v1\/wp-content\/uploads\/2024\/10\/DSC_8385.jpg\"><img loading=\"lazy\" class=\"aligncenter size-full wp-image-9938\" src=\"https:\/\/www.aestrada.com.br\/v1\/wp-content\/uploads\/2024\/10\/DSC_8385.jpg\" alt=\"\" width=\"550\" height=\"365\" srcset=\"https:\/\/www.aestrada.com.br\/v1\/wp-content\/uploads\/2024\/10\/DSC_8385.jpg 550w, https:\/\/www.aestrada.com.br\/v1\/wp-content\/uploads\/2024\/10\/DSC_8385-300x199.jpg 300w\" sizes=\"(max-width: 550px) 100vw, 550px\" \/><\/a><\/p>\n<p>O texto de Mark diz que a conquista de Gutenberg, por volta de 1455\/56, criou uma terra nova e maravilhosa, mas, ao mesmo tempo, tamb\u00e9m um novo inferno. Mac\u00e1rio pontuou que tamb\u00e9m estamos vivendo a mesma situa\u00e7\u00e3o nos tempos atuais com a m\u00eddia virtual atrav\u00e9s da internet.<\/p>\n<p>Ainda sobre o ensa\u00edsta, ele afirma que durante os \u00faltimos quinhentos anos, a inven\u00e7\u00e3o de Gutenberg forneceu \u00e0 terra e ao inferno novas ocorr\u00eancias, novas maravilhas e novas fases. \u201cEsta encontrou a verdade livre sobre a terra e deu-lhe asas; mas a inverdade tamb\u00e9m se espalhou, e a ela foi fornecido um duplo par de asas\u201d.<\/p>\n<p>Com refer\u00eancia a 1900, diz que a quest\u00e3o do mundo daquele tempo ser bom e mau, se deve a Gutenberg, mas deve ser homenageado, \u201cpois o que ele disse em sonhos ao anjo irado foi literalmente cumprido, pois o mal que sua colossal inven\u00e7\u00e3o trouxe \u00e9 mil vezes ofuscado pelo bem que a humanidade recebeu\u201d.<\/p>\n<p>Ap\u00f3s falar um pouco da sua trajet\u00f3ria jornal\u00edstica na \u00e1rea do jornal impresso, Mac\u00e1rio destacou que os jornais come\u00e7aram a surgir por volta de 1650, na cidade alem\u00e3 de Leipzig e depois em Petesburgo, na R\u00fassia, em 1728, cujo jornal circula at\u00e9 hoje, sendo o mais antigo do mundo. O r\u00e1dio apareceu em 1896, com o tel\u00e9grafo inventado pelo italiano Marconi, mas s\u00f3 foi propagado no Brasil h\u00e1 100 anos. A televis\u00e3o data de 1927. Com atraso, chegou ao Brasil em 1950.<\/p>\n<p><a href=\"https:\/\/www.aestrada.com.br\/v1\/wp-content\/uploads\/2024\/10\/DSC_8382.jpg\"><img loading=\"lazy\" class=\"aligncenter size-full wp-image-9939\" src=\"https:\/\/www.aestrada.com.br\/v1\/wp-content\/uploads\/2024\/10\/DSC_8382.jpg\" alt=\"\" width=\"550\" height=\"365\" srcset=\"https:\/\/www.aestrada.com.br\/v1\/wp-content\/uploads\/2024\/10\/DSC_8382.jpg 550w, https:\/\/www.aestrada.com.br\/v1\/wp-content\/uploads\/2024\/10\/DSC_8382-300x199.jpg 300w\" sizes=\"(max-width: 550px) 100vw, 550px\" \/><\/a><\/p>\n<p>Todas essas m\u00eddias ainda existem com for\u00e7a, com exce\u00e7\u00e3o do jornal impresso que sofreu o baque da internet, ainda uma inven\u00e7\u00e3o adolescente de pouco mais de 20 anos, uma terra que ainda \u00e9 de ningu\u00e9m devido ao seu mau uso, mas que tende a se ajustar com seu amadurecimento.<\/p>\n<p>Segundo Jeremias, os jornais sofreram porque n\u00e3o souberam se adaptar aos novos tempos, mas ainda \u00e9 o meio de comunica\u00e7\u00e3o com maior credibilidade, que exige de seus profissionais mais responsabilidade quando escreve uma mat\u00e9ria, diferente do que acontece nas redes sociais onde qualquer um pode se esconder atr\u00e1s do anonimato.<\/p>\n<p>No mundo virtual, quem escreve mentiras (muitos nem t\u00eam forma\u00e7\u00e3o jornal\u00edstica acad\u00eamica), se vale da puni\u00e7\u00e3o jur\u00eddica, isto quando ocorre, ser mais demorada e cumprida contra quem comete o crime. O jornal impresso \u00e9 mais completo, melhor qualidade, consistente e de maior conte\u00fado.<\/p>\n<p>Por falar em qualidade, conte\u00fado e precis\u00e3o, o jornalista abordou que, em sua opini\u00e3o, esses pontos ca\u00edram muito e deixam a desejar, especialmente quando se trata do r\u00e1dio, da televis\u00e3o e do meio virtual.<\/p>\n<p>&nbsp;<\/p>\n<p>Discutiu-se que, praticamente, n\u00e3o existe mais jornalismo investigativo, e os jornalistas fazem mat\u00e9rias vazias e capengas, com muitas falhas nas informa\u00e7\u00f5es, deixando o p\u00fablico confuso e desinformado. Tudo isso abalou a confian\u00e7a dos usu\u00e1rios das not\u00edcias, a maioria de baixa qualidade.<\/p>\n<p>Na roda de conversa pelos participantes do sarau, houve diversas avalia\u00e7\u00f5es e correla\u00e7\u00f5es entre as m\u00eddias e um consenso de que a m\u00eddia virtual \u00e9 uma crian\u00e7a pelo seu tempo de idade, que ainda n\u00e3o adquiriu sua confiabilidade, al\u00e9m da sua baixa qualidade jornal\u00edstica e informativa. Ali\u00e1s muitos que escrevem nela se acham jornalistas, sem forma\u00e7\u00e3o acad\u00eamica.<\/p>\n<p><a href=\"https:\/\/www.aestrada.com.br\/v1\/wp-content\/uploads\/2024\/10\/DSC_8377.jpg\"><img loading=\"lazy\" class=\"aligncenter size-full wp-image-9940\" src=\"https:\/\/www.aestrada.com.br\/v1\/wp-content\/uploads\/2024\/10\/DSC_8377.jpg\" alt=\"\" width=\"550\" height=\"365\" srcset=\"https:\/\/www.aestrada.com.br\/v1\/wp-content\/uploads\/2024\/10\/DSC_8377.jpg 550w, https:\/\/www.aestrada.com.br\/v1\/wp-content\/uploads\/2024\/10\/DSC_8377-300x199.jpg 300w\" sizes=\"(max-width: 550px) 100vw, 550px\" \/><\/a><\/p>\n<p>No mais, a noite foi de confraterniza\u00e7\u00e3o, troca de conhecimento e saber na discuss\u00e3o de ideias que varou a madrugada. Como sempre, tudo isso contou com o acompanhamento de bebidas e comidas, ao som da viola, da boa m\u00fasica, na declama\u00e7\u00e3o de poemas autorais e conta\u00e7\u00e3o de causos e piadas.<\/p>\n<p>Em favor da melhoria da estrutura do sarau ficaram como sugest\u00f5es a cria\u00e7\u00e3o de um fundo financeiro, planejamento de um document\u00e1rio, mais participa\u00e7\u00e3o do sarau na pol\u00edtica cultural da cidade, registro do sarau em cart\u00f3rio como entidade de direito, dentre outras medidas de fortalecimento do evento.<\/p>\n<p>&nbsp;<\/p>\n<p>&nbsp;<\/p>\n","protected":false},"excerpt":{"rendered":"<p>Mais uma vez tivemos uma noite do sarau colaborativo no \u00faltimo s\u00e1bado, dia 19\/10, no Espa\u00e7o Cultural A Estrada, com a participa\u00e7\u00e3o de mais de 30 pessoas quando discutimos o tema \u201cJornalismo Impresso e a M\u00eddia Virtual: Correla\u00e7\u00f5es\u201d. Na pauta tivemos tamb\u00e9m a escolha da nova comiss\u00e3o que vai organizar os pr\u00f3ximos eventos. Os trabalhos [&hellip;]<\/p>\n","protected":false},"author":3,"featured_media":0,"comment_status":"open","ping_status":"open","sticky":false,"template":"","format":"standard","meta":{"_links_to":"","_links_to_target":""},"categories":[1],"tags":[],"_links":{"self":[{"href":"https:\/\/www.aestrada.com.br\/v1\/wp-json\/wp\/v2\/posts\/9936"}],"collection":[{"href":"https:\/\/www.aestrada.com.br\/v1\/wp-json\/wp\/v2\/posts"}],"about":[{"href":"https:\/\/www.aestrada.com.br\/v1\/wp-json\/wp\/v2\/types\/post"}],"author":[{"embeddable":true,"href":"https:\/\/www.aestrada.com.br\/v1\/wp-json\/wp\/v2\/users\/3"}],"replies":[{"embeddable":true,"href":"https:\/\/www.aestrada.com.br\/v1\/wp-json\/wp\/v2\/comments?post=9936"}],"version-history":[{"count":1,"href":"https:\/\/www.aestrada.com.br\/v1\/wp-json\/wp\/v2\/posts\/9936\/revisions"}],"predecessor-version":[{"id":9941,"href":"https:\/\/www.aestrada.com.br\/v1\/wp-json\/wp\/v2\/posts\/9936\/revisions\/9941"}],"wp:attachment":[{"href":"https:\/\/www.aestrada.com.br\/v1\/wp-json\/wp\/v2\/media?parent=9936"}],"wp:term":[{"taxonomy":"category","embeddable":true,"href":"https:\/\/www.aestrada.com.br\/v1\/wp-json\/wp\/v2\/categories?post=9936"},{"taxonomy":"post_tag","embeddable":true,"href":"https:\/\/www.aestrada.com.br\/v1\/wp-json\/wp\/v2\/tags?post=9936"}],"curies":[{"name":"wp","href":"https:\/\/api.w.org\/{rel}","templated":true}]}}