{"id":9908,"date":"2024-10-10T23:17:18","date_gmt":"2024-10-11T02:17:18","guid":{"rendered":"https:\/\/www.aestrada.com.br\/v1\/?p=9908"},"modified":"2024-10-10T23:18:35","modified_gmt":"2024-10-11T02:18:35","slug":"nossa-saude-e-um-barraco","status":"publish","type":"post","link":"https:\/\/www.aestrada.com.br\/v1\/2024\/10\/10\/nossa-saude-e-um-barraco\/","title":{"rendered":"NOSSA SA\u00daDE \u00c9 UM BARRACO"},"content":{"rendered":"<p><a href=\"https:\/\/www.aestrada.com.br\/v1\/wp-content\/uploads\/2024\/10\/DSC_8360.jpg\"><img loading=\"lazy\" class=\"aligncenter size-full wp-image-9909\" src=\"https:\/\/www.aestrada.com.br\/v1\/wp-content\/uploads\/2024\/10\/DSC_8360.jpg\" alt=\"\" width=\"550\" height=\"365\" srcset=\"https:\/\/www.aestrada.com.br\/v1\/wp-content\/uploads\/2024\/10\/DSC_8360.jpg 550w, https:\/\/www.aestrada.com.br\/v1\/wp-content\/uploads\/2024\/10\/DSC_8360-300x199.jpg 300w\" sizes=\"(max-width: 550px) 100vw, 550px\" \/><\/a><\/p>\n<p>A pr\u00f3pria imagem j\u00e1 diz tudo como anda nossa sa\u00fade em Vit\u00f3ria da Conquista. Um morador de rua armou um barraco de lona bem em frente do Hospital de Base, ou Hospital Regional, e tascou o nome \u201cUPA 24 horas\u201d. N\u00e3o deixa de ser uma forma de protesto para dizer que a nossa sa\u00fade \u00e9 um barraco, simbolizando a precariedade em que vive este setor no Brasil, na Bahia e, particularmente, em Conquista. Nunca precisei de recorrer \u00e0 unidade para um atendimento m\u00e9dico, mas ou\u00e7o muitos relatos de pacientes que, em outras palavras, constataram que o local \u00e9 um verdadeiro barraco no sentido da defici\u00eancia e at\u00e9 mesmo nas discuss\u00f5es entre os pobres usu\u00e1rios e funcion\u00e1rios. No entanto, n\u00e3o \u00e9 somente a UPA de Conquista, mantida pelo governo do estado, que \u00e9 prec\u00e1ria e alvo de cr\u00edticas. Os postos de sa\u00fade do munic\u00edpio, seja na zona rural ou urbana, tamb\u00e9m s\u00e3o verdadeiros barracos, mas a atual prefeita mente quando disse em plena campanha que tudo \u00e9 uma maravilha. Ao posto de sa\u00fade do meu bairro j\u00e1 fui e sou testemunha do sofrimento que \u00e9 marcar um exame, muitos dos quais ficam na fila de espera por mais de um ano, ou at\u00e9 dois, como foi o caso de uma consulta para um otorrino. Para realizar algumas se\u00e7\u00f5es de fisioterapia, a atendente me falou que teria que aguardar por seis meses. A nossa sa\u00fade \u00e9, ou n\u00e3o \u00e9 um barraco? O eleitor que votou pela perman\u00eancia da prefeita n\u00e3o adianta chorar quando se sentir abandonado. Tem mais \u00e9 que arcar com as consequ\u00eancias.<\/p>\n<p><a href=\"https:\/\/www.aestrada.com.br\/v1\/wp-content\/uploads\/2024\/10\/DSC_8366.jpg\"><img loading=\"lazy\" class=\"aligncenter size-full wp-image-9910\" src=\"https:\/\/www.aestrada.com.br\/v1\/wp-content\/uploads\/2024\/10\/DSC_8366.jpg\" alt=\"\" width=\"550\" height=\"365\" srcset=\"https:\/\/www.aestrada.com.br\/v1\/wp-content\/uploads\/2024\/10\/DSC_8366.jpg 550w, https:\/\/www.aestrada.com.br\/v1\/wp-content\/uploads\/2024\/10\/DSC_8366-300x199.jpg 300w\" sizes=\"(max-width: 550px) 100vw, 550px\" \/><\/a><\/p>\n","protected":false},"excerpt":{"rendered":"<p>A pr\u00f3pria imagem j\u00e1 diz tudo como anda nossa sa\u00fade em Vit\u00f3ria da Conquista. Um morador de rua armou um barraco de lona bem em frente do Hospital de Base, ou Hospital Regional, e tascou o nome \u201cUPA 24 horas\u201d. N\u00e3o deixa de ser uma forma de protesto para dizer que a nossa sa\u00fade \u00e9 [&hellip;]<\/p>\n","protected":false},"author":3,"featured_media":0,"comment_status":"open","ping_status":"open","sticky":false,"template":"","format":"standard","meta":{"_links_to":"","_links_to_target":""},"categories":[5],"tags":[],"_links":{"self":[{"href":"https:\/\/www.aestrada.com.br\/v1\/wp-json\/wp\/v2\/posts\/9908"}],"collection":[{"href":"https:\/\/www.aestrada.com.br\/v1\/wp-json\/wp\/v2\/posts"}],"about":[{"href":"https:\/\/www.aestrada.com.br\/v1\/wp-json\/wp\/v2\/types\/post"}],"author":[{"embeddable":true,"href":"https:\/\/www.aestrada.com.br\/v1\/wp-json\/wp\/v2\/users\/3"}],"replies":[{"embeddable":true,"href":"https:\/\/www.aestrada.com.br\/v1\/wp-json\/wp\/v2\/comments?post=9908"}],"version-history":[{"count":1,"href":"https:\/\/www.aestrada.com.br\/v1\/wp-json\/wp\/v2\/posts\/9908\/revisions"}],"predecessor-version":[{"id":9911,"href":"https:\/\/www.aestrada.com.br\/v1\/wp-json\/wp\/v2\/posts\/9908\/revisions\/9911"}],"wp:attachment":[{"href":"https:\/\/www.aestrada.com.br\/v1\/wp-json\/wp\/v2\/media?parent=9908"}],"wp:term":[{"taxonomy":"category","embeddable":true,"href":"https:\/\/www.aestrada.com.br\/v1\/wp-json\/wp\/v2\/categories?post=9908"},{"taxonomy":"post_tag","embeddable":true,"href":"https:\/\/www.aestrada.com.br\/v1\/wp-json\/wp\/v2\/tags?post=9908"}],"curies":[{"name":"wp","href":"https:\/\/api.w.org\/{rel}","templated":true}]}}