{"id":9714,"date":"2024-07-26T22:47:58","date_gmt":"2024-07-27T01:47:58","guid":{"rendered":"https:\/\/www.aestrada.com.br\/v1\/?p=9714"},"modified":"2024-07-26T22:48:06","modified_gmt":"2024-07-27T01:48:06","slug":"os-poetas-sao-mentirosos","status":"publish","type":"post","link":"https:\/\/www.aestrada.com.br\/v1\/2024\/07\/26\/os-poetas-sao-mentirosos\/","title":{"rendered":"&#8220;OS POETAS S\u00c3O MENTIROSOS&#8221;"},"content":{"rendered":"<p>Al\u00e9m de depreciar as mulheres, no livro \u201cAssim Falava Zaratustra\u201d, Nietzsche diz atrav\u00e9s de seu personagem, que \u201cos poetas s\u00e3o mentirosos\u201d. Um dos seus disc\u00edpulos, ent\u00e3o, indaga por que dizeis que eles mentem?<\/p>\n<p>Ele responde que n\u00e3o pertence ao n\u00famero daqueles a quem \u00e9 l\u00edcito interrogar sobre seu porqu\u00ea. \u201cPor acaso nasci ontem? H\u00e1 muito tempo, tudo o que opino repousa sobre experi\u00eancias vividas\u201d. \u00c9 bom lembrar que Nietzsche \u00e9 um fil\u00f3sofo complexo e fora da curva que viveu no s\u00e9culo XIX.<\/p>\n<p>Zaratustra tamb\u00e9m \u00e9 um poeta. Julgas, ent\u00e3o, que ele falava a verdade? Que raz\u00e3o tens de acreditar? O disc\u00edpulo respondeu que acreditava em Zaratustra, que maneou a cabe\u00e7a e sorriu: \u201cA f\u00e9 n\u00e3o me torna feliz, e a f\u00e9 em mim mesmo, menos ainda que qualquer outra. N\u00f3s somos mentirosos demais\u201d.<\/p>\n<p>\u201cSabemos tamb\u00e9m pouco demais e aprendemos mal demais. Assim somos for\u00e7ados a mentir. Logo, quem entre n\u00f3s, poetas, n\u00e3o ter\u00e1 alguma vez adulterado seu vinho? Muitas misturas envenenadas se t\u00eam feito em nossas tabernas\u201d.<\/p>\n<p>\u201cE \u00e9 por sabermos pouco que nos seduzem os pobres de esp\u00edrito, especialmente quando s\u00e3o mulheres jovens\u201d. Para ele, s\u00f3 as mais velhas t\u00eam o eterno feminino. \u201c\u00c9 como se existisse um caminho secreto que conduzisse ao saber que seria subtra\u00eddo aos que aprendem alguma coisa, assim cremos no povo e em sua \u201csabedoria\u201d.<\/p>\n<p>De acordo com a fala de Zaratustra, os poetas sup\u00f5em sempre que a pr\u00f3pria natureza est\u00e1 apaixonada por eles. E que desliza at\u00e9 seus ouvidos para sussurrar coisas secretas e palavras carinhosas. \u201cDisso de gabam e se gloriam, perante todos os mortais\u201d.<\/p>\n<p>\u201cAh, existem tantas coisas entre o c\u00e9u e a terra que s\u00f3 os poetas puderam por um pouco sonhar\u201d. Para Zaratustra, sobretudo no c\u00e9u porque todos os deuses s\u00e3o s\u00edmbolos de poetas e subterf\u00fagios de poeta.<\/p>\n<p>\u201cA verdade \u00e9 que sempre nos sentimos atra\u00eddos para o reino das nuvens. Sobre elas instalamos nossos manequins multicoloridos, a quem chamamos de deuses e super-homens\u201d.<\/p>\n<p>Quando ele afirmou que estava farto dos poetas, o disc\u00edpulo ficou um tanto irritado. Zaratustra tamb\u00e9m se calou, mas depois confirmou que estava cansado dos antigos e dos novos. \u201cPara mim todos s\u00e3o superficiais, todos s\u00e3o mares sem profundidade\u201d.<\/p>\n<p>Em seu di\u00e1logo sobre os poetas ainda destacou que \u201cgostam de se fazer passar por conciliadores. Mas, para mim, s\u00e3o sempre pessoas de meios termos, de sonhadores&#8230;\u201d! \u201dLanceira minhas redes nos mares deles para apanhar belos peixes, mas pesquei somente a cabe\u00e7a de um deus antigo\u201d. Segundo Zaratustra, talvez os pr\u00f3prios poetas tenham nascido do mar.<\/p>\n<p>\u201cTamb\u00e9m do mar aprenderam sua vaidade. N\u00e3o \u00e9 verdade que o mar \u00e9 o primeiro dos pav\u00f5es reais? J\u00e1 vi poetas se transformarem e j\u00e1 os vi voltar contra si mesmos seu olhar. Vi chegar redentores do esp\u00edrito, Tinham nascido entre os poetas\u201d.<\/p>\n","protected":false},"excerpt":{"rendered":"<p>Al\u00e9m de depreciar as mulheres, no livro \u201cAssim Falava Zaratustra\u201d, Nietzsche diz atrav\u00e9s de seu personagem, que \u201cos poetas s\u00e3o mentirosos\u201d. Um dos seus disc\u00edpulos, ent\u00e3o, indaga por que dizeis que eles mentem? Ele responde que n\u00e3o pertence ao n\u00famero daqueles a quem \u00e9 l\u00edcito interrogar sobre seu porqu\u00ea. \u201cPor acaso nasci ontem? H\u00e1 muito [&hellip;]<\/p>\n","protected":false},"author":3,"featured_media":0,"comment_status":"open","ping_status":"open","sticky":false,"template":"","format":"standard","meta":{"_links_to":"","_links_to_target":""},"categories":[7],"tags":[],"_links":{"self":[{"href":"https:\/\/www.aestrada.com.br\/v1\/wp-json\/wp\/v2\/posts\/9714"}],"collection":[{"href":"https:\/\/www.aestrada.com.br\/v1\/wp-json\/wp\/v2\/posts"}],"about":[{"href":"https:\/\/www.aestrada.com.br\/v1\/wp-json\/wp\/v2\/types\/post"}],"author":[{"embeddable":true,"href":"https:\/\/www.aestrada.com.br\/v1\/wp-json\/wp\/v2\/users\/3"}],"replies":[{"embeddable":true,"href":"https:\/\/www.aestrada.com.br\/v1\/wp-json\/wp\/v2\/comments?post=9714"}],"version-history":[{"count":1,"href":"https:\/\/www.aestrada.com.br\/v1\/wp-json\/wp\/v2\/posts\/9714\/revisions"}],"predecessor-version":[{"id":9715,"href":"https:\/\/www.aestrada.com.br\/v1\/wp-json\/wp\/v2\/posts\/9714\/revisions\/9715"}],"wp:attachment":[{"href":"https:\/\/www.aestrada.com.br\/v1\/wp-json\/wp\/v2\/media?parent=9714"}],"wp:term":[{"taxonomy":"category","embeddable":true,"href":"https:\/\/www.aestrada.com.br\/v1\/wp-json\/wp\/v2\/categories?post=9714"},{"taxonomy":"post_tag","embeddable":true,"href":"https:\/\/www.aestrada.com.br\/v1\/wp-json\/wp\/v2\/tags?post=9714"}],"curies":[{"name":"wp","href":"https:\/\/api.w.org\/{rel}","templated":true}]}}