{"id":9402,"date":"2024-04-29T22:55:13","date_gmt":"2024-04-30T01:55:13","guid":{"rendered":"https:\/\/www.aestrada.com.br\/v1\/?p=9402"},"modified":"2024-04-29T22:55:57","modified_gmt":"2024-04-30T01:55:57","slug":"os-60-anos-do-cerco-de-conquista-pelas-tropas-militares-do-exercito","status":"publish","type":"post","link":"https:\/\/www.aestrada.com.br\/v1\/2024\/04\/29\/os-60-anos-do-cerco-de-conquista-pelas-tropas-militares-do-exercito\/","title":{"rendered":"OS 60 ANOS DO CERCO DE CONQUISTA PELAS TROPAS MILITARES DO EX\u00c9RCITO"},"content":{"rendered":"<p><a href=\"https:\/\/www.aestrada.com.br\/v1\/wp-content\/uploads\/2024\/04\/DSC_7787.jpg\">TEMA DISCUTIDO NO SARAU A ESTRADA<img loading=\"lazy\" class=\"aligncenter size-full wp-image-9403\" src=\"https:\/\/www.aestrada.com.br\/v1\/wp-content\/uploads\/2024\/04\/DSC_7787.jpg\" alt=\"\" width=\"550\" height=\"365\" srcset=\"https:\/\/www.aestrada.com.br\/v1\/wp-content\/uploads\/2024\/04\/DSC_7787.jpg 550w, https:\/\/www.aestrada.com.br\/v1\/wp-content\/uploads\/2024\/04\/DSC_7787-300x199.jpg 300w\" sizes=\"(max-width: 550px) 100vw, 550px\" \/><\/a><\/p>\n<p>O seis de maio de 1964 foi o epis\u00f3dio mais marcante na hist\u00f3ria de Vit\u00f3ria da Conquista quando as tropas de 100 soldados do capit\u00e3o Ant\u00f4nio Bendochi Alves Filho, com tr\u00eas jipes, quatro ca\u00e7ambas e um \u00f4nibus particular, cercaram a cidade de pouco mais de 50 mil habitantes (Pra\u00e7a Bar\u00e3o do Rio Branco e adjac\u00eancias) e cassaram, na base dos fuzis e metralhadoras, o mandado constitucional do prefeito Jos\u00e9 Pedral Sampaio, eleito pelo povo em 1962 e empossado em sete de abril do ano seguinte.<\/p>\n<p>Era o in\u00edcio da ditadura civil-militar-burguesa de 1\u00ba de abril de 1964 e, infelizmente, poucos conquistenses t\u00eam conhecimento desse fato opressor e arbitr\u00e1rio que merece ser lembrado e discutido como o dia em que Conquista foi cassada e amorda\u00e7a pelos coturnos militares, quando cerca de 100 pessoas foram presas como subversivas e comunistas, muitas das quais levadas para Salvador. Foi o dia do terror e do desespero, com muita gente fugindo e queimando livros e documentos.<\/p>\n<p>Conquista, juntamente com Feira de Santana (Chico Pinto) e Alagoinhas (Murilo Cavalcante), era a cidade mais visada na Bahia por expressar suas ideias socialistas de mudan\u00e7as, sob a lideran\u00e7a de Pedral que quebrou uma hegemonia pol\u00edtica oligarca de quase cem anos dos coron\u00e9is e intendentes. Conquista foi uma trincheira de resist\u00eancia ao regime ditatorial e pagou um alto pre\u00e7o por isso.<\/p>\n<p>Esse tema foi colocado em pauta pelo \u201cSarau A Estrada\u201d, premiado com o trof\u00e9u Glauber Rocha pelos seus 14 anos de exist\u00eancia, no \u00faltimo s\u00e1bado (dia 27\/04), no Espa\u00e7o Cultural do mesmo nome, quando debatemos o pedralismo, sua disputa eleitoral em 1958 contra Gerson Sales, sua derrota e, finalmente, sua vit\u00f3ria em 1962 para o candidato Jesus Gomes dos Santos, derrubando as elites. Foram cenas memor\u00e1veis de resist\u00eancia.<\/p>\n<p><a href=\"https:\/\/www.aestrada.com.br\/v1\/wp-content\/uploads\/2024\/04\/DSC_7788.jpg\"><img loading=\"lazy\" class=\"aligncenter size-full wp-image-9404\" src=\"https:\/\/www.aestrada.com.br\/v1\/wp-content\/uploads\/2024\/04\/DSC_7788.jpg\" alt=\"\" width=\"550\" height=\"365\" srcset=\"https:\/\/www.aestrada.com.br\/v1\/wp-content\/uploads\/2024\/04\/DSC_7788.jpg 550w, https:\/\/www.aestrada.com.br\/v1\/wp-content\/uploads\/2024\/04\/DSC_7788-300x199.jpg 300w\" sizes=\"(max-width: 550px) 100vw, 550px\" \/><\/a><\/p>\n<p>Foi um divisor de \u00e1guas na hist\u00f3ria de Conquista que deve ser lembrado pela m\u00eddia, pelos estudantes, artistas, intelectuais e pelas institui\u00e7\u00f5es democr\u00e1ticas em geral, segundo o palestrante do evento, jornalista e escritor Jeremias Mac\u00e1rio. Os trabalhos foram abertos pelo professor Itamar Aguiar que destacou a import\u00e2ncia dessa data de seis de maio de 1964, quando, numa frienta noite, a C\u00e2mara Municipal foi cercada pelas tropas e os vereadores foram obrigados a votar pelo impedimento do prefeito, preso no 9\u00ba Batalh\u00e3o da Pol\u00edcia Militar, de continuar a exercer o seu leg\u00edtimo mandado.<\/p>\n<p>Mac\u00e1rio, que escreveu o livro \u201cUma Conquista Cassada\u201d, explicou todo processo do pedralismo desde meados dos anos 50, um jovem, sa\u00eddo de dentro da oligarquia (neto do coronel Gug\u00e9), formado em engenharia civil pela Universidade Federal da Bahia, que retornou a Conquista com suas ideias socialistas em defesa dos mais pobres, apoiando as reformas de base (nacionaliza\u00e7\u00e3o dos bancos, remessa de lucros para o exterior e a reforma agr\u00e1ria) do governo Jo\u00e3o Goulart, o Jango.<\/p>\n<p>Por suas mudan\u00e7as revolucion\u00e1rias estava na lista das for\u00e7as armadas que contaram com a dela\u00e7\u00e3o de traidores da direita (n\u00e3o premiada), como Ir\u00eds da Silveira, Ism\u00eanio da Silveira, Pedro Lopes Ferraz, do jornal \u201cO Sertanejo\u201d (Sertanojo), o pastor Valdomiro Oliveira, o vereador Altamirando Novais e tantos outros da elite burguesa que quiseram se vingar e n\u00e3o aceitavam a derrota de 1962. Foi um ato de vingan\u00e7a dos desesperados que foram \u00e0 desforra.<\/p>\n<p>Os primeiros atos de Pedral em seu \u00fanico ano de governo foi resolver os principais problemas de Conquista relacionados com a falta de \u00e1gua, energia (racionamento por bairros) e saneamento b\u00e1sico, sem falar na quest\u00e3o da educa\u00e7\u00e3o. Por isso foi a Bras\u00edlia na busca desses pleitos. Trouxe a Conquista o presidente Jango, durante a VIII Exposi\u00e7\u00e3o Agropecu\u00e1ria, de 26 a 30 de maio, quando nesse per\u00edodo o governador Lomanto Junior instalou seu governo por quatro dias na cidade, com todo seu secretariado.<\/p>\n<p><a href=\"https:\/\/www.aestrada.com.br\/v1\/wp-content\/uploads\/2024\/04\/DSC_7791.jpg\"><img loading=\"lazy\" class=\"aligncenter size-full wp-image-9405\" src=\"https:\/\/www.aestrada.com.br\/v1\/wp-content\/uploads\/2024\/04\/DSC_7791.jpg\" alt=\"\" width=\"550\" height=\"365\" srcset=\"https:\/\/www.aestrada.com.br\/v1\/wp-content\/uploads\/2024\/04\/DSC_7791.jpg 550w, https:\/\/www.aestrada.com.br\/v1\/wp-content\/uploads\/2024\/04\/DSC_7791-300x199.jpg 300w\" sizes=\"(max-width: 550px) 100vw, 550px\" \/><\/a><\/p>\n<p>Pedral, com seus 35 anos, o prefeito mais jovem que Conquista j\u00e1 teve, tentou ainda melhorar a educa\u00e7\u00e3o. Para tanto, esteve em Pernambuco, uma refer\u00eancia no setor, conversando com o governador Miguel Arraes e seus assessores, para aqui implantar os mesmos m\u00e9todos de ensino que l\u00e1 estavam dando certo. Durante seu breve per\u00edodo na prefeitura e bem antes de se eleger, Pedral, do PSD, contava com o apoio dos estudantes, professores, sindicatos (banc\u00e1rios, comerci\u00e1rios e dos trabalhadores da constru\u00e7\u00e3o civil) e at\u00e9 de parte da direita integralista. Ainda estudante esteve no Rio Grande do Sul conversando com o deputado Leonel Brizola.<\/p>\n<p>Todos estavam na lista do comandante Bendochi no IPM (Inqu\u00e9rito Policial Militar) e foram presos o produtor cultural Vicente Quadros, o menino de menor Cl\u00e1udio Fonseca, irm\u00e3o de Pedra, Anfil\u00f3fio, Paulo Dem\u00f3crito, Jo\u00e3o Idelfonso, Hugo de Castro Lima (m\u00e9dico legista), Raul Ferral (prefeito em 1977), Camilo de Jesus Lima (poeta e escritor), Osvaldo Ribeiro (presidente do gr\u00eamio da Escola Normal que fugiu para Minas Gerais), vereador P\u00e9ricles Gusm\u00e3o R\u00e9gis, Franklin Ferraz, Hemet\u00e9rio Pereira. Antenor Rodrigues Lima, o \u201cBadu\u201d, Fl\u00e1vio Viana de Jesus, (marceneiro), Alcides Ara\u00fajo (comerci\u00e1rio), An\u00edbal Lopes Viana (jornalista do jornal \u201cA Conquista\u201d), Jackson Fonseca (r\u00e1dio t\u00e9cnico), L\u00facio Fl\u00e1vio Viana (banc\u00e1rio), \u00c9rico Gon\u00e7alves Aguiar (agricultor), Galdino Louren\u00e7o (motorista), Reginaldo Carvalho Santos (diretor do jornal \u201cO Combate\u201d de linha esquerdista), Altino Pereira (sindicato da constru\u00e7\u00e3o civil), Raimundo Pinto (comerciante), o professor Everardo P\u00fablio de Casto, que ficou 11 meses preso em Salvador, tido como o mais \u201cperigoso\u201d comunista e tantos outros considerados subversivos.<\/p>\n<div id=\"attachment_9406\" style=\"width: 460px\" class=\"wp-caption aligncenter\"><a href=\"https:\/\/www.aestrada.com.br\/v1\/wp-content\/uploads\/2024\/04\/IMG_20240427_230128_645.jpg\"><img aria-describedby=\"caption-attachment-9406\" loading=\"lazy\" class=\"size-full wp-image-9406\" src=\"https:\/\/www.aestrada.com.br\/v1\/wp-content\/uploads\/2024\/04\/IMG_20240427_230128_645.jpg\" alt=\"\" width=\"450\" height=\"337\" srcset=\"https:\/\/www.aestrada.com.br\/v1\/wp-content\/uploads\/2024\/04\/IMG_20240427_230128_645.jpg 450w, https:\/\/www.aestrada.com.br\/v1\/wp-content\/uploads\/2024\/04\/IMG_20240427_230128_645-300x225.jpg 300w\" sizes=\"(max-width: 450px) 100vw, 450px\" \/><\/a><p id=\"caption-attachment-9406\" class=\"wp-caption-text\">Exif_JPEG_420<\/p><\/div>\n<p>Toda essa arbitrariedade de inqu\u00e9ritos e torturas psicol\u00f3gicas de amea\u00e7as de levar os presos para a ilha de Fernando de Noronha, culminou com a morte, no dia 12 de maio, do vereador P\u00e9ricles Gusm\u00e3o, l\u00edder do prefeito na C\u00e2mara, pessoa \u00edntegra e que n\u00e3o aceitava humilha\u00e7\u00e3o. Nas depend\u00eancias do Batalh\u00e3o, o comando anunciou que o preso se suicidou com a gilete de barbear, mas at\u00e9 hoje fica a d\u00favida de ter sido matado pelos militares. Na v\u00e9spera, por n\u00e3o suportar o inqu\u00e9rito, chegou a entrar em luta corporal com Bendochi.<\/p>\n<p>Com cortes na car\u00f3tida e nos pulsos e por outros ind\u00edcios, at\u00e9 hoje o advogado Rui Medeiros &#8211; defensor da fam\u00edlia para ser indenizada pelo Estado &#8211; n\u00e3o acredita que P\u00e9ricles tenha cometido suic\u00eddio.\u00a0 De qualquer forma, foi a primeira morte da ditadura na Bahia e talvez no Brasil. Pelos acontecimentos e pelas cenas de resist\u00eancia ao regime, inclusive perpetrado por um grupo de mulheres, lideradas por Ol\u00edvia Flores, para reverter a cassa\u00e7\u00e3o do prefeito Pedral, \u00e9 que o seis de maio n\u00e3o deve ser esquecido, mas lembrado e debatido por toda sociedade conquistense.<\/p>\n<div id=\"attachment_9407\" style=\"width: 460px\" class=\"wp-caption aligncenter\"><a href=\"https:\/\/www.aestrada.com.br\/v1\/wp-content\/uploads\/2024\/04\/IMG_20240427_230120_646.jpg\"><img aria-describedby=\"caption-attachment-9407\" loading=\"lazy\" class=\"size-full wp-image-9407\" src=\"https:\/\/www.aestrada.com.br\/v1\/wp-content\/uploads\/2024\/04\/IMG_20240427_230120_646.jpg\" alt=\"\" width=\"450\" height=\"337\" srcset=\"https:\/\/www.aestrada.com.br\/v1\/wp-content\/uploads\/2024\/04\/IMG_20240427_230120_646.jpg 450w, https:\/\/www.aestrada.com.br\/v1\/wp-content\/uploads\/2024\/04\/IMG_20240427_230120_646-300x225.jpg 300w\" sizes=\"(max-width: 450px) 100vw, 450px\" \/><\/a><p id=\"caption-attachment-9407\" class=\"wp-caption-text\">Exif_JPEG_420<\/p><\/div>\n<p>Al\u00e9m da sua est\u00fapida pris\u00e3o, Pedral teve seus direitos pol\u00edticos cassados por 10 anos pelo AI-1 e estendido por mais 10 anos pelo AI-2. Mesmo assim, ele continuou fazendo pol\u00edtica e militando nos bastidores at\u00e9 que voltou a ser eleito prefeito em 1982, sendo cogitado a se candidatar a governador. Conquista permaneceu exercendo sua resist\u00eancia e ainda teve como prefeito Gilberto Quadros, golpeado pela ditadura, Jadiel Matos, em 1973, apoiando por Pedral, Raul Ferral, em 1977, Murilo M\u00e1rmore, em 1988 e, novamente, Pedral, em 1992.<\/p>\n<p>Esses assuntos e outros foram debatidos pelo \u201cSarau A Estrada\u201d, na \u00faltima noite de s\u00e1bado, seguidos de cantorias de violas por Manno Di Souza, Marta Moreno, Jurandir, seu Armando e sua esposa, causos de Jhesus, de Jessier Quirino, e muitas declama\u00e7\u00f5es de poemas (Jeremias, Liu e demais participantes). Uma galinhada caipira, preparada pela anfitri\u00e3 Vandilza Gon\u00e7alves, vinho e umas geladas cervejas esquentaram a noite, num papo fraternal e descontra\u00eddo de sempre,\u00a0 Foi mais um Sarau de troca de ideias, conhecimento e saber que varou a madrugada.<\/p>\n<div id=\"attachment_9408\" style=\"width: 460px\" class=\"wp-caption aligncenter\"><a href=\"https:\/\/www.aestrada.com.br\/v1\/wp-content\/uploads\/2024\/04\/IMG_20240427_230106_296.jpg\"><img aria-describedby=\"caption-attachment-9408\" loading=\"lazy\" class=\"size-full wp-image-9408\" src=\"https:\/\/www.aestrada.com.br\/v1\/wp-content\/uploads\/2024\/04\/IMG_20240427_230106_296.jpg\" alt=\"\" width=\"450\" height=\"337\" srcset=\"https:\/\/www.aestrada.com.br\/v1\/wp-content\/uploads\/2024\/04\/IMG_20240427_230106_296.jpg 450w, https:\/\/www.aestrada.com.br\/v1\/wp-content\/uploads\/2024\/04\/IMG_20240427_230106_296-300x225.jpg 300w\" sizes=\"(max-width: 450px) 100vw, 450px\" \/><\/a><p id=\"caption-attachment-9408\" class=\"wp-caption-text\">Exif_JPEG_420<\/p><\/div>\n<p>&nbsp;<\/p>\n<p>&nbsp;<\/p>\n<p>&nbsp;<\/p>\n","protected":false},"excerpt":{"rendered":"<p>TEMA DISCUTIDO NO SARAU A ESTRADA O seis de maio de 1964 foi o epis\u00f3dio mais marcante na hist\u00f3ria de Vit\u00f3ria da Conquista quando as tropas de 100 soldados do capit\u00e3o Ant\u00f4nio Bendochi Alves Filho, com tr\u00eas jipes, quatro ca\u00e7ambas e um \u00f4nibus particular, cercaram a cidade de pouco mais de 50 mil habitantes (Pra\u00e7a [&hellip;]<\/p>\n","protected":false},"author":3,"featured_media":0,"comment_status":"open","ping_status":"open","sticky":false,"template":"","format":"standard","meta":{"_links_to":"","_links_to_target":""},"categories":[1],"tags":[],"_links":{"self":[{"href":"https:\/\/www.aestrada.com.br\/v1\/wp-json\/wp\/v2\/posts\/9402"}],"collection":[{"href":"https:\/\/www.aestrada.com.br\/v1\/wp-json\/wp\/v2\/posts"}],"about":[{"href":"https:\/\/www.aestrada.com.br\/v1\/wp-json\/wp\/v2\/types\/post"}],"author":[{"embeddable":true,"href":"https:\/\/www.aestrada.com.br\/v1\/wp-json\/wp\/v2\/users\/3"}],"replies":[{"embeddable":true,"href":"https:\/\/www.aestrada.com.br\/v1\/wp-json\/wp\/v2\/comments?post=9402"}],"version-history":[{"count":2,"href":"https:\/\/www.aestrada.com.br\/v1\/wp-json\/wp\/v2\/posts\/9402\/revisions"}],"predecessor-version":[{"id":9410,"href":"https:\/\/www.aestrada.com.br\/v1\/wp-json\/wp\/v2\/posts\/9402\/revisions\/9410"}],"wp:attachment":[{"href":"https:\/\/www.aestrada.com.br\/v1\/wp-json\/wp\/v2\/media?parent=9402"}],"wp:term":[{"taxonomy":"category","embeddable":true,"href":"https:\/\/www.aestrada.com.br\/v1\/wp-json\/wp\/v2\/categories?post=9402"},{"taxonomy":"post_tag","embeddable":true,"href":"https:\/\/www.aestrada.com.br\/v1\/wp-json\/wp\/v2\/tags?post=9402"}],"curies":[{"name":"wp","href":"https:\/\/api.w.org\/{rel}","templated":true}]}}