{"id":9383,"date":"2024-04-22T23:06:58","date_gmt":"2024-04-23T02:06:58","guid":{"rendered":"https:\/\/www.aestrada.com.br\/v1\/?p=9383"},"modified":"2024-04-22T23:07:08","modified_gmt":"2024-04-23T02:07:08","slug":"a-sabedoria-popular","status":"publish","type":"post","link":"https:\/\/www.aestrada.com.br\/v1\/2024\/04\/22\/a-sabedoria-popular\/","title":{"rendered":"A SABEDORIA POPULAR"},"content":{"rendered":"<p>A cultura oral, origin\u00e1ria dos nossos ancestrais, \u00e9 fascinante, pena que ela \u00e9 pouco estudada e registrada nos comp\u00eandios acad\u00eamicos. Com os tempos modernos, principalmente com os avan\u00e7os das novas tecnologias da internet, ela vai sendo deixada para tr\u00e1s. Nossos jovens n\u00e3o mais guardam as tradi\u00e7\u00f5es dos mais velhos, A m\u00fasica ainda resgata muitas coisas boas.<\/p>\n<p>Uma dessa preciosidades da nossa oralidade, na grande maioria an\u00f4nimas, s\u00e3o os ditos populares ou a tamb\u00e9m chamada de sabedoria popular. Junto a isso existem ainda os pensamentos de poetas, fil\u00f3sofos, intelectuais e at\u00e9 de pol\u00edticos (os bons, s\u00e9rios e \u00e9ticos que s\u00e3o raridades) que nos fazem refletir e nos d\u00e3o li\u00e7\u00e3o de vida. Alguns s\u00e3o contest\u00e1veis e at\u00e9 ca\u00edram no desuso.<\/p>\n<p>Os caminhoneiros costumam colocar algumas frases nas traseiras de seus caminh\u00f5es, algumas n\u00e3o mais politicamente corretas, especialmente quando se referem ao sexo feminino. Sempre apreciei esses ditos populares e vou aproveitar aqui para citar alguns, tais como, quem tem telhado de vidro, n\u00e3o joga pedra no do vizinho, roupa suja se lava em saca, p\u00e9 que n\u00e3o anda n\u00e3o d\u00e1 topada, o tolo que pouco fala passa por s\u00e1bio, \u00e9 melhor ficar calado do que dizer besteiras, antes prevenir que remediar, quem avisa amigo \u00e9, papagaio come o milho, periquito leva a fama, antes um cachorro amigo do que um amigo cachorro (essa \u00e9 boa!), amor \u00e9 uma flor que nasce no cora\u00e7\u00e3o do trouxa e peru de fora come calado.<\/p>\n<p>Tem tantas outras por a\u00ed que s\u00e3o incont\u00e1veis. Umas s\u00e3o s\u00e1bias e outras nem tanto. Muitas n\u00e3o podem mais serem ditas porque os tempos mudaram e podem ser vistas como ofensas racistas, xen\u00f3fobas, machistas e que ferem o brio das pessoas.<\/p>\n<p>No entanto, a sabedoria popular que faz parte da nossa cultura, est\u00e1 tamb\u00e9m nas supersti\u00e7\u00f5es, simpatias e outras cren\u00e7as. A cau\u00e3 quando canta numa baixada ou cacimba no final de uma tarde \u00e9 mau agouro e tem mortes no meio, como aconteceu na Guerra do Tamandu\u00e1, no distrito de Campo Formoso, na \u00e9poca pertencente a Vit\u00f3ria da Conquista e hoje Belo Campo.<\/p>\n<p>Alguns casos e causos dos tempos antigos se tornaram lendas na boca do povo, como de fantasmas, de homem que virava lobisomem em noite de lua cheia, a mula sem cabe\u00e7a e o cavaleiro solit\u00e1rio.<\/p>\n<p>Este causo eu ouvi contar quando menino na ro\u00e7a do meu pai. Gente que morava perto da estrada dizia que ele, em certas noites, saia de uma cancela de uma mata cavalgando em correria todo de preto. A cancela batia forte, mas dela n\u00e3o se via ningu\u00e9m sair. Conta que uma vez um casal que morava \u00e0 beira da estrada ouviu o tropel do animal e caiu dentro da capoeira e s\u00f3 voltou quando o dia amanheceu.<\/p>\n<p>Tem a est\u00f3ria da Nega do Leite que passava na frente das casas nas ro\u00e7as l\u00e1 pela madrugada e n\u00e3o parava de conversar. Da\u00ed o ditado popular de se dizer que tal pessoa conversa igual a Nega do Leite. Uma noite fiquei na varanda de casa esperando ela passar, mas cai no sono e n\u00e3o vi nada. Quando se falava de fantasmas, de almas penadas que saiam por a\u00ed fazendo assombra\u00e7\u00f5es, meu pai levava na goza\u00e7\u00e3o e afirmava que tinha mais medo dos vivos que dos mortos.<\/p>\n<p>&nbsp;<\/p>\n","protected":false},"excerpt":{"rendered":"<p>A cultura oral, origin\u00e1ria dos nossos ancestrais, \u00e9 fascinante, pena que ela \u00e9 pouco estudada e registrada nos comp\u00eandios acad\u00eamicos. Com os tempos modernos, principalmente com os avan\u00e7os das novas tecnologias da internet, ela vai sendo deixada para tr\u00e1s. Nossos jovens n\u00e3o mais guardam as tradi\u00e7\u00f5es dos mais velhos, A m\u00fasica ainda resgata muitas coisas [&hellip;]<\/p>\n","protected":false},"author":3,"featured_media":0,"comment_status":"open","ping_status":"open","sticky":false,"template":"","format":"standard","meta":{"_links_to":"","_links_to_target":""},"categories":[1],"tags":[],"_links":{"self":[{"href":"https:\/\/www.aestrada.com.br\/v1\/wp-json\/wp\/v2\/posts\/9383"}],"collection":[{"href":"https:\/\/www.aestrada.com.br\/v1\/wp-json\/wp\/v2\/posts"}],"about":[{"href":"https:\/\/www.aestrada.com.br\/v1\/wp-json\/wp\/v2\/types\/post"}],"author":[{"embeddable":true,"href":"https:\/\/www.aestrada.com.br\/v1\/wp-json\/wp\/v2\/users\/3"}],"replies":[{"embeddable":true,"href":"https:\/\/www.aestrada.com.br\/v1\/wp-json\/wp\/v2\/comments?post=9383"}],"version-history":[{"count":1,"href":"https:\/\/www.aestrada.com.br\/v1\/wp-json\/wp\/v2\/posts\/9383\/revisions"}],"predecessor-version":[{"id":9384,"href":"https:\/\/www.aestrada.com.br\/v1\/wp-json\/wp\/v2\/posts\/9383\/revisions\/9384"}],"wp:attachment":[{"href":"https:\/\/www.aestrada.com.br\/v1\/wp-json\/wp\/v2\/media?parent=9383"}],"wp:term":[{"taxonomy":"category","embeddable":true,"href":"https:\/\/www.aestrada.com.br\/v1\/wp-json\/wp\/v2\/categories?post=9383"},{"taxonomy":"post_tag","embeddable":true,"href":"https:\/\/www.aestrada.com.br\/v1\/wp-json\/wp\/v2\/tags?post=9383"}],"curies":[{"name":"wp","href":"https:\/\/api.w.org\/{rel}","templated":true}]}}