{"id":9326,"date":"2024-04-04T23:35:16","date_gmt":"2024-04-05T02:35:16","guid":{"rendered":"https:\/\/www.aestrada.com.br\/v1\/?p=9326"},"modified":"2024-04-04T23:35:26","modified_gmt":"2024-04-05T02:35:26","slug":"entulhos-nas-estradas","status":"publish","type":"post","link":"https:\/\/www.aestrada.com.br\/v1\/2024\/04\/04\/entulhos-nas-estradas\/","title":{"rendered":"ENTULHOS NAS ESTRADAS"},"content":{"rendered":"<p><a href=\"https:\/\/www.aestrada.com.br\/v1\/wp-content\/uploads\/2024\/04\/DSC_7708.jpg\"><img loading=\"lazy\" class=\"aligncenter size-full wp-image-9327\" src=\"https:\/\/www.aestrada.com.br\/v1\/wp-content\/uploads\/2024\/04\/DSC_7708.jpg\" alt=\"\" width=\"550\" height=\"365\" srcset=\"https:\/\/www.aestrada.com.br\/v1\/wp-content\/uploads\/2024\/04\/DSC_7708.jpg 550w, https:\/\/www.aestrada.com.br\/v1\/wp-content\/uploads\/2024\/04\/DSC_7708-300x199.jpg 300w\" sizes=\"(max-width: 550px) 100vw, 550px\" \/><\/a><\/p>\n<p>Quem viaja por a\u00ed est\u00e1 sempre se deparando com entulhos e lixos \u00e0s margens das pistas pr\u00f3ximas das cidades, como este flagrante que nossas lentes captaram na entrada de Brumado. \u00c9 um retrato fiel de como o homem depreda e polui o meio ambiente, sem falar em sacos pl\u00e1sticos, cocos e garrafas pet que viajantes v\u00e3o jogando nas pistas por onde passa. Se formos bem analisar, no fundo se resume a uma quest\u00e3o de falta de educa\u00e7\u00e3o, por mais que se fa\u00e7a campanhas de preserva\u00e7\u00e3o. Na sa\u00edda da cidade de Itua\u00e7u para Barra da Estiva, por exemplo, conhecida como portal da Chapada Diamantina, na regi\u00e3o sudeste baiana, existe um lix\u00e3o onde s\u00e3o depositados os restos produzidos por moradores. Outra vis\u00e3o triste dessa sujeira est\u00e1 na chegada de Itamb\u00e9. Os poderes p\u00fablicos s\u00e3o os maiores culpados por n\u00e3o cumprirem as leis de constru\u00e7\u00e3o dos aterros do lixo e ainda n\u00e3o fiscalizar e proibir que particulares joguem seus entulhos \u00e0 beira das estradas. Juntando tudo isso e mais os desmatamentos, os inc\u00eandios, a polui\u00e7\u00e3o dos rios e mares, dentre outras agress\u00f5es \u00e0 natureza, temos a\u00ed a autodestrui\u00e7\u00e3o da pr\u00f3pria humanidade atrav\u00e9s das mudan\u00e7as clim\u00e1ticas que provocam cat\u00e1strofes e trag\u00e9dias. Como forma de enganarmos a n\u00f3s mesmo, colocamos toda culpa no El Nino, que est\u00e1 indo para dar lugar a El Nina. O lixo s\u00f3 faz aumentar atrav\u00e9s do consumismo. Por essas e outras \u00e9 que sempre digo que n\u00e3o temos mais retorno para reverter as altas temperaturas da terra.<\/p>\n<p><a href=\"https:\/\/www.aestrada.com.br\/v1\/wp-content\/uploads\/2024\/04\/DSC_7709.jpg\"><img loading=\"lazy\" class=\"aligncenter size-full wp-image-9328\" src=\"https:\/\/www.aestrada.com.br\/v1\/wp-content\/uploads\/2024\/04\/DSC_7709.jpg\" alt=\"\" width=\"550\" height=\"365\" srcset=\"https:\/\/www.aestrada.com.br\/v1\/wp-content\/uploads\/2024\/04\/DSC_7709.jpg 550w, https:\/\/www.aestrada.com.br\/v1\/wp-content\/uploads\/2024\/04\/DSC_7709-300x199.jpg 300w\" sizes=\"(max-width: 550px) 100vw, 550px\" \/><\/a><\/p>\n<p>&nbsp;<\/p>\n","protected":false},"excerpt":{"rendered":"<p>Quem viaja por a\u00ed est\u00e1 sempre se deparando com entulhos e lixos \u00e0s margens das pistas pr\u00f3ximas das cidades, como este flagrante que nossas lentes captaram na entrada de Brumado. \u00c9 um retrato fiel de como o homem depreda e polui o meio ambiente, sem falar em sacos pl\u00e1sticos, cocos e garrafas pet que viajantes [&hellip;]<\/p>\n","protected":false},"author":3,"featured_media":0,"comment_status":"open","ping_status":"open","sticky":false,"template":"","format":"standard","meta":{"_links_to":"","_links_to_target":""},"categories":[5],"tags":[],"_links":{"self":[{"href":"https:\/\/www.aestrada.com.br\/v1\/wp-json\/wp\/v2\/posts\/9326"}],"collection":[{"href":"https:\/\/www.aestrada.com.br\/v1\/wp-json\/wp\/v2\/posts"}],"about":[{"href":"https:\/\/www.aestrada.com.br\/v1\/wp-json\/wp\/v2\/types\/post"}],"author":[{"embeddable":true,"href":"https:\/\/www.aestrada.com.br\/v1\/wp-json\/wp\/v2\/users\/3"}],"replies":[{"embeddable":true,"href":"https:\/\/www.aestrada.com.br\/v1\/wp-json\/wp\/v2\/comments?post=9326"}],"version-history":[{"count":1,"href":"https:\/\/www.aestrada.com.br\/v1\/wp-json\/wp\/v2\/posts\/9326\/revisions"}],"predecessor-version":[{"id":9329,"href":"https:\/\/www.aestrada.com.br\/v1\/wp-json\/wp\/v2\/posts\/9326\/revisions\/9329"}],"wp:attachment":[{"href":"https:\/\/www.aestrada.com.br\/v1\/wp-json\/wp\/v2\/media?parent=9326"}],"wp:term":[{"taxonomy":"category","embeddable":true,"href":"https:\/\/www.aestrada.com.br\/v1\/wp-json\/wp\/v2\/categories?post=9326"},{"taxonomy":"post_tag","embeddable":true,"href":"https:\/\/www.aestrada.com.br\/v1\/wp-json\/wp\/v2\/tags?post=9326"}],"curies":[{"name":"wp","href":"https:\/\/api.w.org\/{rel}","templated":true}]}}