{"id":9311,"date":"2024-04-02T23:44:08","date_gmt":"2024-04-03T02:44:08","guid":{"rendered":"https:\/\/www.aestrada.com.br\/v1\/?p=9311"},"modified":"2024-04-02T23:44:18","modified_gmt":"2024-04-03T02:44:18","slug":"pela-cidade-das-castas","status":"publish","type":"post","link":"https:\/\/www.aestrada.com.br\/v1\/2024\/04\/02\/pela-cidade-das-castas\/","title":{"rendered":"PELA CIDADE DAS CASTAS"},"content":{"rendered":"<p><a href=\"https:\/\/www.aestrada.com.br\/v1\/wp-content\/uploads\/2024\/04\/DSC_7595.jpg\"><img loading=\"lazy\" class=\"aligncenter size-full wp-image-9312\" src=\"https:\/\/www.aestrada.com.br\/v1\/wp-content\/uploads\/2024\/04\/DSC_7595.jpg\" alt=\"\" width=\"550\" height=\"365\" srcset=\"https:\/\/www.aestrada.com.br\/v1\/wp-content\/uploads\/2024\/04\/DSC_7595.jpg 550w, https:\/\/www.aestrada.com.br\/v1\/wp-content\/uploads\/2024\/04\/DSC_7595-300x199.jpg 300w\" sizes=\"(max-width: 550px) 100vw, 550px\" \/><\/a><\/p>\n<p>Passar por Bras\u00edlia, a cidade das castas dos tr\u00eas poderes, foi relembrar aqueles velhos tempos, h\u00e1 cerca de 30 anos ou mais quando por l\u00e1 estive para realizar um curso pelo Ceag, hoje Sebrae. Se n\u00e3o me engano, estive outra vez para uma reportagem jornal\u00edstica na \u00e1rea de economia. Ainda n\u00e3o era uma metr\u00f3pole como hoje.<\/p>\n<p>N\u00e3o tem muito e tem o que falar de Bras\u00edlia, palco dos maiores acontecimentos, constru\u00edda pelo presidente Juscelino Kubistchek, o cigano bo\u00eamio, com a for\u00e7a bra\u00e7al dos candangos nordestinos, pelos idos de 1955 a 1960, quando foi inaugurada. Nem precisa dizer quem foi o arquiteto e urbanista que a projetou com aqueles tra\u00e7ados diferenciados que s\u00f3 ele, o Oscar Niemeyer, tinha como nenhum outro no mundo.<\/p>\n<p><a href=\"https:\/\/www.aestrada.com.br\/v1\/wp-content\/uploads\/2024\/04\/DSC_7599.jpg\"><img loading=\"lazy\" class=\"aligncenter size-full wp-image-9313\" src=\"https:\/\/www.aestrada.com.br\/v1\/wp-content\/uploads\/2024\/04\/DSC_7599.jpg\" alt=\"\" width=\"550\" height=\"365\" srcset=\"https:\/\/www.aestrada.com.br\/v1\/wp-content\/uploads\/2024\/04\/DSC_7599.jpg 550w, https:\/\/www.aestrada.com.br\/v1\/wp-content\/uploads\/2024\/04\/DSC_7599-300x199.jpg 300w\" sizes=\"(max-width: 550px) 100vw, 550px\" \/><\/a><\/p>\n<p>N\u00e3o era para ser uma metr\u00f3pole arrodeada de suas cidades sat\u00e9lites. A proje\u00e7\u00e3o inicial era em torno de 500 mil habitantes, mas hoje, de acordo com o \u00faltimo censo do IBGE, ultrapassa dois milh\u00f5es e oitocentos mil moradores, com a maior renda per capita do Brasil, gra\u00e7as aos grandes sal\u00e1rios dos maraj\u00e1s do executivo, do legislativo e do judici\u00e1rio.<\/p>\n<p>Ali est\u00e3o concentradas as castas milion\u00e1rias (porque n\u00e3o falar bilion\u00e1rias), ao redor do Lago Parano\u00e1, num pa\u00eds onde a maioria \u00e9 pobre e milh\u00f5es passam fome. Temos o Congresso Nacional mais caro do planeta, que n\u00e3o serve de orgulho, mas de vergonha, que manobra os presidentes com seus cambalachos.<\/p>\n<p><a href=\"https:\/\/www.aestrada.com.br\/v1\/wp-content\/uploads\/2024\/04\/DSC_7602.jpg\"><img loading=\"lazy\" class=\"aligncenter size-full wp-image-9314\" src=\"https:\/\/www.aestrada.com.br\/v1\/wp-content\/uploads\/2024\/04\/DSC_7602.jpg\" alt=\"\" width=\"550\" height=\"365\" srcset=\"https:\/\/www.aestrada.com.br\/v1\/wp-content\/uploads\/2024\/04\/DSC_7602.jpg 550w, https:\/\/www.aestrada.com.br\/v1\/wp-content\/uploads\/2024\/04\/DSC_7602-300x199.jpg 300w\" sizes=\"(max-width: 550px) 100vw, 550px\" \/><\/a><\/p>\n<p>Bem, n\u00e3o vou ficar aqui falando de pol\u00edtica, mas da nossa viagem, coisa bem mais prazerosa. Numa passagem, vindos de An\u00e1polis, ficamos hospedados em \u00c1guas Claras, distante do Plano Piloto, no apartamento da minha prima Rocia e seu esposo Adailton, ou melhor, o nosso querido Dadai, poeta e m\u00fasico.<\/p>\n<p>Fomos bem recepcionados pelos seus filhos Isabela, Isadora e Pedro, al\u00e9m de amigos divertidos, e aproveitamos para fazermos aquela farra num s\u00e1bado at\u00e9 o dia amanhecer do domingo. Como se diz no interior, colocamos o papo em dia entre uma conversa e outra, num clima fraternal que nos faz esquecer das mazelas dessa nossa na\u00e7\u00e3o, principalmente dos pol\u00edticos corruptos.<\/p>\n<p><a href=\"https:\/\/www.aestrada.com.br\/v1\/wp-content\/uploads\/2024\/04\/DSC_7604.jpg\"><img loading=\"lazy\" class=\"aligncenter size-full wp-image-9315\" src=\"https:\/\/www.aestrada.com.br\/v1\/wp-content\/uploads\/2024\/04\/DSC_7604.jpg\" alt=\"\" width=\"550\" height=\"365\" srcset=\"https:\/\/www.aestrada.com.br\/v1\/wp-content\/uploads\/2024\/04\/DSC_7604.jpg 550w, https:\/\/www.aestrada.com.br\/v1\/wp-content\/uploads\/2024\/04\/DSC_7604-300x199.jpg 300w\" sizes=\"(max-width: 550px) 100vw, 550px\" \/><\/a><\/p>\n<p>Antes disso, por\u00e9m, Rocia e Dadai nos ciceroneou por alguns pontos dos tr\u00eas poderes que h\u00e1 anos havia passado. Para minha esposa Vandilza, tudo era novidade. Estivemos no Memorial JK,\u00a0 na Torre da TV Bras\u00edlia,\u00a0 no Centro do \u00cdndio, no Bosque de \u00c1guas Claras, entre as alas dos minist\u00e9rios, do Congresso, os Pal\u00e1cios do Planalto e Alvorada, sem falar na imponente Catedral.<\/p>\n<p>Sua torre arquitet\u00f4nica em forma de m\u00e3o para o alto parece pedir perd\u00e3o pelos pecados cometidos pelos homens que governam Bras\u00edlia e o Brasil.\u00a0 \u00c9 um lugar de contri\u00e7\u00e3o e reflex\u00e3o por tudo que acontece ali de ruim. O que mais importa \u00e9 que valeu o reencontro com nossos parentes e amigos. Foi uma festa e s\u00f3 alegria.<\/p>\n<p><a href=\"https:\/\/www.aestrada.com.br\/v1\/wp-content\/uploads\/2024\/04\/DSC_7606.jpg\"><img loading=\"lazy\" class=\"aligncenter size-full wp-image-9316\" src=\"https:\/\/www.aestrada.com.br\/v1\/wp-content\/uploads\/2024\/04\/DSC_7606.jpg\" alt=\"\" width=\"550\" height=\"365\" srcset=\"https:\/\/www.aestrada.com.br\/v1\/wp-content\/uploads\/2024\/04\/DSC_7606.jpg 550w, https:\/\/www.aestrada.com.br\/v1\/wp-content\/uploads\/2024\/04\/DSC_7606-300x199.jpg 300w\" sizes=\"(max-width: 550px) 100vw, 550px\" \/><\/a><\/p>\n<p>Por citar o Centro ou Museu do \u00cdndio (olha eu falando novamente em pol\u00edtica), ao lado do Memorial JK, achei que merecia ser mais rico em termos de objetos, pe\u00e7as e outros utens\u00edlios, unindo culturas de todas as tribos do Brasil, de norte a sul, de leste a oeste.<\/p>\n<p>Ainda dentro do tema, considerei rid\u00edculo, demag\u00f3gico e hip\u00f3crita a cerim\u00f4nia promovida pela Comiss\u00e3o da Anistia, entre primeiro e dois de abril, onde a presid\u00eancia (n\u00e3o me lembro o nome) se dirige aos ind\u00edgenas ali presentes para pedir desculpas pelas atrocidades cometidas pela ditadura civil-militar de 1964 contra suas comunidades.<\/p>\n<p><a href=\"https:\/\/www.aestrada.com.br\/v1\/wp-content\/uploads\/2024\/04\/DSC_7626.jpg\"><img loading=\"lazy\" class=\"aligncenter size-full wp-image-9317\" src=\"https:\/\/www.aestrada.com.br\/v1\/wp-content\/uploads\/2024\/04\/DSC_7626.jpg\" alt=\"\" width=\"550\" height=\"365\" srcset=\"https:\/\/www.aestrada.com.br\/v1\/wp-content\/uploads\/2024\/04\/DSC_7626.jpg 550w, https:\/\/www.aestrada.com.br\/v1\/wp-content\/uploads\/2024\/04\/DSC_7626-300x199.jpg 300w\" sizes=\"(max-width: 550px) 100vw, 550px\" \/><\/a><\/p>\n<p>Essa gente \u00e9 mesma cara de pau e aproveita da ingenuidade dos sofridos, discriminados e pisoteados para pedir desculpas, quando o correto seria uma repara\u00e7\u00e3o a todos brasileiros atrav\u00e9s da puni\u00e7\u00e3o aos torturadores. Esqueceram de dizer que a anistia foi uma farsa montada pelos generais e aceita pelos nossos governantes, magistrados e legisladores.<\/p>\n<p><a href=\"https:\/\/www.aestrada.com.br\/v1\/wp-content\/uploads\/2024\/04\/DSC_7636.jpg\"><img loading=\"lazy\" class=\"aligncenter size-full wp-image-9318\" src=\"https:\/\/www.aestrada.com.br\/v1\/wp-content\/uploads\/2024\/04\/DSC_7636.jpg\" alt=\"\" width=\"550\" height=\"365\" srcset=\"https:\/\/www.aestrada.com.br\/v1\/wp-content\/uploads\/2024\/04\/DSC_7636.jpg 550w, https:\/\/www.aestrada.com.br\/v1\/wp-content\/uploads\/2024\/04\/DSC_7636-300x199.jpg 300w\" sizes=\"(max-width: 550px) 100vw, 550px\" \/><\/a><\/p>\n<p>Sem mais delongas, de l\u00e1 tomamos rumo de volta para Nossa Vit\u00f3ria da Conquista, numa viagem complicada e cansativa, mas a\u00ed \u00e9 outra hist\u00f3ria que vamos contar como final da nossa viagem, muito proveitosa no campo do conhecimento e do saber. Viajar \u00e9 muito bom, e melhor ainda quando existem transtornos.<\/p>\n<p><a href=\"https:\/\/www.aestrada.com.br\/v1\/wp-content\/uploads\/2024\/04\/DSC_7640.jpg\"><img loading=\"lazy\" class=\"aligncenter size-full wp-image-9319\" src=\"https:\/\/www.aestrada.com.br\/v1\/wp-content\/uploads\/2024\/04\/DSC_7640.jpg\" alt=\"\" width=\"550\" height=\"365\" srcset=\"https:\/\/www.aestrada.com.br\/v1\/wp-content\/uploads\/2024\/04\/DSC_7640.jpg 550w, https:\/\/www.aestrada.com.br\/v1\/wp-content\/uploads\/2024\/04\/DSC_7640-300x199.jpg 300w\" sizes=\"(max-width: 550px) 100vw, 550px\" \/><\/a><\/p>\n<p>&nbsp;<\/p>\n","protected":false},"excerpt":{"rendered":"<p>Passar por Bras\u00edlia, a cidade das castas dos tr\u00eas poderes, foi relembrar aqueles velhos tempos, h\u00e1 cerca de 30 anos ou mais quando por l\u00e1 estive para realizar um curso pelo Ceag, hoje Sebrae. Se n\u00e3o me engano, estive outra vez para uma reportagem jornal\u00edstica na \u00e1rea de economia. Ainda n\u00e3o era uma metr\u00f3pole como [&hellip;]<\/p>\n","protected":false},"author":3,"featured_media":0,"comment_status":"open","ping_status":"open","sticky":false,"template":"","format":"standard","meta":{"_links_to":"","_links_to_target":""},"categories":[1],"tags":[],"_links":{"self":[{"href":"https:\/\/www.aestrada.com.br\/v1\/wp-json\/wp\/v2\/posts\/9311"}],"collection":[{"href":"https:\/\/www.aestrada.com.br\/v1\/wp-json\/wp\/v2\/posts"}],"about":[{"href":"https:\/\/www.aestrada.com.br\/v1\/wp-json\/wp\/v2\/types\/post"}],"author":[{"embeddable":true,"href":"https:\/\/www.aestrada.com.br\/v1\/wp-json\/wp\/v2\/users\/3"}],"replies":[{"embeddable":true,"href":"https:\/\/www.aestrada.com.br\/v1\/wp-json\/wp\/v2\/comments?post=9311"}],"version-history":[{"count":1,"href":"https:\/\/www.aestrada.com.br\/v1\/wp-json\/wp\/v2\/posts\/9311\/revisions"}],"predecessor-version":[{"id":9320,"href":"https:\/\/www.aestrada.com.br\/v1\/wp-json\/wp\/v2\/posts\/9311\/revisions\/9320"}],"wp:attachment":[{"href":"https:\/\/www.aestrada.com.br\/v1\/wp-json\/wp\/v2\/media?parent=9311"}],"wp:term":[{"taxonomy":"category","embeddable":true,"href":"https:\/\/www.aestrada.com.br\/v1\/wp-json\/wp\/v2\/categories?post=9311"},{"taxonomy":"post_tag","embeddable":true,"href":"https:\/\/www.aestrada.com.br\/v1\/wp-json\/wp\/v2\/tags?post=9311"}],"curies":[{"name":"wp","href":"https:\/\/api.w.org\/{rel}","templated":true}]}}