{"id":9309,"date":"2024-04-02T00:33:24","date_gmt":"2024-04-02T03:33:24","guid":{"rendered":"https:\/\/www.aestrada.com.br\/v1\/?p=9309"},"modified":"2024-04-02T00:33:32","modified_gmt":"2024-04-02T03:33:32","slug":"os-60-anos-de-uma-maldita-ditadura-que-deixou-muitas-feridas-abertas","status":"publish","type":"post","link":"https:\/\/www.aestrada.com.br\/v1\/2024\/04\/02\/os-60-anos-de-uma-maldita-ditadura-que-deixou-muitas-feridas-abertas\/","title":{"rendered":"OS 60 ANOS DE UMA MALDITA DITADURA QUE DEIXOU MUITAS FERIDAS ABERTAS"},"content":{"rendered":"<p>N\u00e3o \u00e9 caso para comemorar e nem celebrar, mas para lembrar sua data em 1\u00ba de abril de 1964, que foi a ditadura civil-militar, para que nunca mais seja repetida. Como heran\u00e7a deixou feridas abertas na na\u00e7\u00e3o que foi a total impunidade contra os malditos torturadores que mataram e desapareceram com os corpos daqueles que lutaram pela liberdade.<\/p>\n<p>Nesta data fat\u00eddica, o que mais ainda nos coloca em posi\u00e7\u00e3o de indigna\u00e7\u00e3o \u00e9 que a nossa m\u00eddia de um modo geral, inclusive a da nossa terra conquistense, n\u00e3o fez nenhuma men\u00e7\u00e3o, nenhuma reportagem sobre o assunto, o que denota que temos hoje um jornalismo sem mem\u00f3ria e hist\u00f3ria.<\/p>\n<p>Condeno aqui tamb\u00e9m a postura das esquerdas (nem todas), especialmente do PT que governou durante mais de 20 anos o nosso pa\u00eds e se acovardou diante dos coron\u00e9is, delegados, oficiais e generais que cometeram suas atrocidades e depois retornaram para seus quart\u00e9is, seus pal\u00e1cios e suas poltronas confort\u00e1veis como se nada tivesse acontecido.<\/p>\n<p>O Brasil foi talvez o \u00fanico pa\u00eds da Am\u00e9rica do Sul que disse am\u00e9m &#8211; e aqui incluo os tr\u00eas poderes \u2013 por n\u00e3o colocar esses criminosos no banco dos r\u00e9us e n\u00e3o prendeu ningu\u00e9m, ao contr\u00e1rio do que fez a Argentina, Uruguai e o Chile, somente para citar esses tr\u00eas hermanos. Na tese dessa dita \u201cesquerda\u201d, melhor deixar como est\u00e1 porque a condena\u00e7\u00e3o seria um ato de revanchismo.<\/p>\n<p>Volto a afirmar que as feridas continuam abertas. \u00c9 s\u00f3 algu\u00e9m perguntar isso para as fam\u00edlias que perderam seus entes queridos nos por\u00f5es das torturas e outras que nem tiveram o direito de realizar seus ritos funerais porque esquartejaram, mutilaram e desapareceram com os corpos de seus parentes mais pr\u00f3ximos, como fizeram com os guerrilheiros do Araguaia. Aqui mesmo em Vit\u00f3ria da Conquista tivemos o caso de Dinaelza Coqueiro.<\/p>\n<p>Por falar em Vit\u00f3ria da Conquista, vem a\u00ed o seis de maio de 1964 quando a cidade, numa manh\u00e3 frienta, foi cercada por cerca de 100 soldados do ex\u00e9rcito do capit\u00e3o Bendock e simplesmente prenderam e cassaram o mandato do prefeito Jos\u00e9 Pedral Sampaio (teve seus direitos pol\u00edticos cassados por 20 anos), eleito constitucionalmente pelo povo, se n\u00e3o me engano em 1962.<\/p>\n<p>Essa opera\u00e7\u00e3o (ocorreu o mesmo em Feira de Santana e Alagoinhas, na Bahia) durou pouco tempo, mas foi o suficiente para prender cerca de 100 dos nossos cidad\u00e3os. O mais grave \u00e9 que o vereador P\u00e9ricles Gusm\u00e3o veio a morrer nas depend\u00eancias do Batalh\u00e3o Militar, segundo eles, um ato de suic\u00eddio, que n\u00e3o ficou totalmente comprovado. O professor P\u00fablio de Castro ficou nove meses presos (muitos foram levados para Salvador, inclusive o prefeito Pedral).<\/p>\n<p>Tenho certeza que sobre essa data, quando a C\u00e2mara Municipal de Vereadores foi cercada pelas tropas do capit\u00e3o e seus membros (nem todos) foram obrigados a cassar o mandato do prefeito, a nossa m\u00eddia vai passar \u201cbatida\u201d e fazer de conta que nada existiu. Infelizmente, o nosso jornalismo de hoje mal cobre o factual ou registra os BOs (os boletins de ocorr\u00eancias). Existe um monumento do escultor Romeu Ferreira na Pra\u00e7a Tancredo Neves em homenagem aos tombados baianos pela ditadura, mas a maioria desconhece.<\/p>\n<p>Uma pena que nossos jovens em geral (existem poucas exce\u00e7\u00f5es) n\u00e3o sabem desse epis\u00f3dio cavernoso e vergonhoso que foi a ditadura civil-militar de 1964 (contou com apoio de civis e de muitas institui\u00e7\u00f5es, como da Igreja Cat\u00f3lica) que exterminou com cerca de 500 brasileiros que se opuseram ao regime. Outros milhares foram presos e torturados.<\/p>\n<p>\u00c9 por essa mais criminosa impunidade da nossa hist\u00f3ria que vimos, at\u00e9 h\u00e1 pouco tempo, extremistas, negativistas, fascistas e nazistas sa\u00edrem \u00e0s ruas para pedirem uma interven\u00e7\u00e3o militar, ou seja, outra ditadura dos generais. Tentaram um golpe em 8 de janeiro do ano passado.<\/p>\n<p>Como essas feridas continuam abertas, nada nos garante uma tomada do poder pela for\u00e7a das armas, como queria o ent\u00e3o ex-presidente capit\u00e3o, que negou sua exist\u00eancia e ainda fez apologia a um dos maiores torturadores, o coronel Carlos Alberto Brilhante Ustra, chefe do Doi-Codi do II Ex\u00e9rcito (S\u00e3o Paulo), entre 1970 e 1974.<\/p>\n<p>N\u00e3o vou entrar aqui no \u00e2mbito mais profundo propriamente dito de como surgiu a ditadura de 1964 no Brasil, que, na verdade, come\u00e7ou com a ren\u00fancia do presidente J\u00e2nio Quadros, em agosto de 1961. Como Jo\u00e3o Goulart era o seu vice, por direito constitucional tinha que assumir a presid\u00eancia, sem enfrentamentos, mas os generais se opuseram ferrenhamente, alegando ser ele da linha comunista, o maior inimigo da \u00e9poca.<\/p>\n<p>A sociedade reagiu, tendo \u00e0 sua frente os governadores Leonel Brizola, do Rio Grande do Sul (Campanha da Legalidade e o Grupo dos Onze), Miguel Arraes, de Pernambuco e outras lideran\u00e7as organizadas. Jango terminou sendo empossado, mas sob o regime parlamentarista.<\/p>\n<p>Tentaram outra vez em 1954\/55 quando Get\u00falio Vargas se suicidou, mas o general legalista Lott barrou. Eles ficaram armados na tocaia e a\u00ed conseguiram destilar todo seu \u00f3dio em 1\u00ba de abril de 1964 quando o golpe foi consumado e governaram com a m\u00e3o de ferro por mais de 20 anos. O pior per\u00edodo, chamado era de chumbo, foi a partir de 13 de dezembro de 1968, com o AI-5, at\u00e9 1974, final do mandato do general M\u00e9dici.<\/p>\n<p>\u00c9 lament\u00e1vel que a grande maioria dos nossos brasileiros nada ou pouco sabe sobre essa triste hist\u00f3ria, ao ponto de um estudante, depois de uma palestra de um historiador ativista a respeito do assunto, perguntar se tudo aquilo que ele havia narrado, aconteceu mesmo. Que essa maldita, nunca mais no Brasil!<\/p>\n","protected":false},"excerpt":{"rendered":"<p>N\u00e3o \u00e9 caso para comemorar e nem celebrar, mas para lembrar sua data em 1\u00ba de abril de 1964, que foi a ditadura civil-militar, para que nunca mais seja repetida. Como heran\u00e7a deixou feridas abertas na na\u00e7\u00e3o que foi a total impunidade contra os malditos torturadores que mataram e desapareceram com os corpos daqueles que [&hellip;]<\/p>\n","protected":false},"author":3,"featured_media":0,"comment_status":"open","ping_status":"open","sticky":false,"template":"","format":"standard","meta":{"_links_to":"","_links_to_target":""},"categories":[1],"tags":[],"_links":{"self":[{"href":"https:\/\/www.aestrada.com.br\/v1\/wp-json\/wp\/v2\/posts\/9309"}],"collection":[{"href":"https:\/\/www.aestrada.com.br\/v1\/wp-json\/wp\/v2\/posts"}],"about":[{"href":"https:\/\/www.aestrada.com.br\/v1\/wp-json\/wp\/v2\/types\/post"}],"author":[{"embeddable":true,"href":"https:\/\/www.aestrada.com.br\/v1\/wp-json\/wp\/v2\/users\/3"}],"replies":[{"embeddable":true,"href":"https:\/\/www.aestrada.com.br\/v1\/wp-json\/wp\/v2\/comments?post=9309"}],"version-history":[{"count":1,"href":"https:\/\/www.aestrada.com.br\/v1\/wp-json\/wp\/v2\/posts\/9309\/revisions"}],"predecessor-version":[{"id":9310,"href":"https:\/\/www.aestrada.com.br\/v1\/wp-json\/wp\/v2\/posts\/9309\/revisions\/9310"}],"wp:attachment":[{"href":"https:\/\/www.aestrada.com.br\/v1\/wp-json\/wp\/v2\/media?parent=9309"}],"wp:term":[{"taxonomy":"category","embeddable":true,"href":"https:\/\/www.aestrada.com.br\/v1\/wp-json\/wp\/v2\/categories?post=9309"},{"taxonomy":"post_tag","embeddable":true,"href":"https:\/\/www.aestrada.com.br\/v1\/wp-json\/wp\/v2\/tags?post=9309"}],"curies":[{"name":"wp","href":"https:\/\/api.w.org\/{rel}","templated":true}]}}