{"id":9299,"date":"2024-04-02T00:28:33","date_gmt":"2024-04-02T03:28:33","guid":{"rendered":"https:\/\/www.aestrada.com.br\/v1\/?p=9299"},"modified":"2024-04-02T00:28:42","modified_gmt":"2024-04-02T03:28:42","slug":"uma-cidade-bem-estruturada","status":"publish","type":"post","link":"https:\/\/www.aestrada.com.br\/v1\/2024\/04\/02\/uma-cidade-bem-estruturada\/","title":{"rendered":"UMA CIDADE BEM ESTRUTURADA"},"content":{"rendered":"<p><a href=\"https:\/\/www.aestrada.com.br\/v1\/wp-content\/uploads\/2024\/04\/DSC_7501.jpg\"><img loading=\"lazy\" class=\"aligncenter size-full wp-image-9300\" src=\"https:\/\/www.aestrada.com.br\/v1\/wp-content\/uploads\/2024\/04\/DSC_7501.jpg\" alt=\"\" width=\"550\" height=\"365\" srcset=\"https:\/\/www.aestrada.com.br\/v1\/wp-content\/uploads\/2024\/04\/DSC_7501.jpg 550w, https:\/\/www.aestrada.com.br\/v1\/wp-content\/uploads\/2024\/04\/DSC_7501-300x199.jpg 300w\" sizes=\"(max-width: 550px) 100vw, 550px\" \/><\/a><\/p>\n<p>Duas cidades, dois olhares em estados diferentes. Do mesmo porte de Vit\u00f3ria da Conquista, cerca de 400 mil habitantes, distante 120 quil\u00f4metros de Bras\u00edlia e 60 da capital Goi\u00e2nia com vias duplicadas bem conservadas, base da for\u00e7a a\u00e9rea brasileira, An\u00e1polis \u00e9 outra cidade do estado de Goi\u00e1s bem arborizada e estruturada, principalmente em termos de saneamento b\u00e1sico.<\/p>\n<p>Em minha visita, fiquei impressionado com o Jardim Bot\u00e2nico \u2013 lembrei do nosso Po\u00e7o Escuro, t\u00e3o maltratado e abandonado pelos governantes e de pouca visita\u00e7\u00e3o \u2013 um parque de muitas trilhas na mata com v\u00e1rias esp\u00e9cies de animais, fontes de \u00e1gua, limpo e com muitos locais de divers\u00e3o e lazer para todas as idades. \u00c9 aconchegante e acolhedor.<\/p>\n<p><a href=\"https:\/\/www.aestrada.com.br\/v1\/wp-content\/uploads\/2024\/04\/DSC_7506.jpg\"><img loading=\"lazy\" class=\"alignleft size-medium wp-image-9301\" src=\"https:\/\/www.aestrada.com.br\/v1\/wp-content\/uploads\/2024\/04\/DSC_7506-300x199.jpg\" alt=\"\" width=\"300\" height=\"199\" srcset=\"https:\/\/www.aestrada.com.br\/v1\/wp-content\/uploads\/2024\/04\/DSC_7506-300x199.jpg 300w, https:\/\/www.aestrada.com.br\/v1\/wp-content\/uploads\/2024\/04\/DSC_7506.jpg 550w\" sizes=\"(max-width: 300px) 100vw, 300px\" \/><\/a><\/p>\n<p>Outro local bem arborizado, amplo e com toda infraestrutura \u00e9 o Bosque Ipiranga quase no centro da cidade e bastante visitado pela popula\u00e7\u00e3o. Deixa qualquer visitante confort\u00e1vel para apreciar suas belezas e atra\u00e7\u00f5es. Parques para crian\u00e7as e outros equipamentos, com bastante \u00e1gua.<\/p>\n<p>Quando fa\u00e7o compara\u00e7\u00e3o com Conquista n\u00e3o \u00e9 no sentido de deprecia\u00e7\u00e3o. Aqui tamb\u00e9m \u00e9 um bom local para se viver e de boa qualidade de vida, mas ainda tem muita coisa para se fazer, como na \u00e1rea cultural, uma melhor e mais decente urbaniza\u00e7\u00e3o do Cristo da Serra, do pr\u00f3prio Po\u00e7o Escuro e outros pontos da cidade, a terceira maior da Bahia.<\/p>\n<p>A bem da verdade, o que tenho visto s\u00e3o servi\u00e7os incompletos, do tipo maquiagem em \u00e9pocas eleitoreiras para ganhar votos. Conquista tem muito por fazer para se tornar uma cidade tur\u00edstica onde o visitante possa ficar aqui dois ou tr\u00eas dias conhecendo os locais.<\/p>\n<p><a href=\"https:\/\/www.aestrada.com.br\/v1\/wp-content\/uploads\/2024\/04\/DSC_7517.jpg\"><img loading=\"lazy\" class=\"alignleft size-medium wp-image-9302\" src=\"https:\/\/www.aestrada.com.br\/v1\/wp-content\/uploads\/2024\/04\/DSC_7517-300x199.jpg\" alt=\"\" width=\"300\" height=\"199\" srcset=\"https:\/\/www.aestrada.com.br\/v1\/wp-content\/uploads\/2024\/04\/DSC_7517-300x199.jpg 300w, https:\/\/www.aestrada.com.br\/v1\/wp-content\/uploads\/2024\/04\/DSC_7517.jpg 550w\" sizes=\"(max-width: 300px) 100vw, 300px\" \/><\/a><\/p>\n<p>A Lagoa das Bateias n\u00e3o \u00e9 somente fazer uma limpeza das sujeiras. \u00c9 muito mais que isso. \u00a0Fora a Olivia Flores e outras avenidas, como a Juracy Magalh\u00e3es, a \u00fanica pra\u00e7a apraz\u00edvel, bem estruturada e cuidada \u00e9 a Tancredo Neves. Os museus regional e Padre Palmeira, n\u00e3o tem muita coisa para se ver. O outro de Caja\u00edba est\u00e1 abandonado e se acabando com o desgaste do tempo l\u00e1 na Serra do Periperi. N\u00e3o se trata de uma cr\u00edtica negativa.<\/p>\n<p>Outro ponto que me chamou a aten\u00e7\u00e3o foi a Biblioteca Municipal Zeca Batista de An\u00e1polis, no centro da cidade, bem mais equipada como centro de leitura, \u00e1rea para exposi\u00e7\u00f5es de artes pl\u00e1sticas e outros itens culturais. Ao seu lado, a popular conhecida Pra\u00e7a do Avi\u00e3o.<\/p>\n<p>Para o n\u00edvel de Conquista, a nossa, l\u00e1 naquele canto escondido do Conquistinha, perde longe. At\u00e9 diria que \u00e9 uma vergonha para n\u00f3s conquistenses. Uma cidade n\u00e3o se mede apenas pelo seu avan\u00e7o econ\u00f4mico e desenvolvimentista de pr\u00e9dios e constru\u00e7\u00f5es industriais e comerciais.<\/p>\n<p><a href=\"https:\/\/www.aestrada.com.br\/v1\/wp-content\/uploads\/2024\/04\/DSC_7521.jpg\"><img loading=\"lazy\" class=\"alignright size-medium wp-image-9303\" src=\"https:\/\/www.aestrada.com.br\/v1\/wp-content\/uploads\/2024\/04\/DSC_7521-300x199.jpg\" alt=\"\" width=\"300\" height=\"199\" srcset=\"https:\/\/www.aestrada.com.br\/v1\/wp-content\/uploads\/2024\/04\/DSC_7521-300x199.jpg 300w, https:\/\/www.aestrada.com.br\/v1\/wp-content\/uploads\/2024\/04\/DSC_7521.jpg 550w\" sizes=\"(max-width: 300px) 100vw, 300px\" \/><\/a><\/p>\n<p>Bem, retornando a An\u00e1polis, para n\u00e3o me alongar, trata-se de uma cidade moderna e, ao mesmo tempo, buc\u00f3lica. At\u00e9 h\u00e1 pouco tempo ainda existia fazendas funcionando quase que dentro da cidade. Uma coisa inusitada. Hoje est\u00e3o se tornando lotes para moradias.<\/p>\n<p>Conheci, por exemplo, uma fazenda agr\u00edcola de planta\u00e7\u00e3o de soja encostada num bairro de classe m\u00e9dia (n\u00e3o que seja um apreciador desse agroneg\u00f3cio depredador destinado somente \u00e0 exporta\u00e7\u00e3o de gr\u00e3os para o exterior). N\u00e3o vi favelas nas periferias, nem gente lhe abordando nas ruas como pedintes.<\/p>\n<p>No entanto, um ponto falho em An\u00e1polis \u00e9 o sistema de transporte p\u00fablico, com poucos \u00f4nibus onde as pessoas demoram muito tempo para se deslocar de um local para outro. Aqui \u00e9 melhor, mas ainda a necessitar muito de melhorias. O com\u00e9rcio aqui \u00e9 mais concentrado no centro, com mais variedades e divis\u00f5es\u00a0 por segmentos, enquanto l\u00e1 \u00e9 meio espalhado e disperso.<\/p>\n<p><a href=\"https:\/\/www.aestrada.com.br\/v1\/wp-content\/uploads\/2024\/04\/DSC_7522.jpg\"><img loading=\"lazy\" class=\"aligncenter size-full wp-image-9304\" src=\"https:\/\/www.aestrada.com.br\/v1\/wp-content\/uploads\/2024\/04\/DSC_7522.jpg\" alt=\"\" width=\"550\" height=\"365\" srcset=\"https:\/\/www.aestrada.com.br\/v1\/wp-content\/uploads\/2024\/04\/DSC_7522.jpg 550w, https:\/\/www.aestrada.com.br\/v1\/wp-content\/uploads\/2024\/04\/DSC_7522-300x199.jpg 300w\" sizes=\"(max-width: 550px) 100vw, 550px\" \/><\/a><\/p>\n<p>&nbsp;<\/p>\n<p>&nbsp;<\/p>\n<p><a href=\"https:\/\/www.aestrada.com.br\/v1\/wp-content\/uploads\/2024\/04\/DSC_7545.jpg\"><img loading=\"lazy\" class=\"aligncenter size-full wp-image-9306\" src=\"https:\/\/www.aestrada.com.br\/v1\/wp-content\/uploads\/2024\/04\/DSC_7545.jpg\" alt=\"\" width=\"550\" height=\"365\" srcset=\"https:\/\/www.aestrada.com.br\/v1\/wp-content\/uploads\/2024\/04\/DSC_7545.jpg 550w, https:\/\/www.aestrada.com.br\/v1\/wp-content\/uploads\/2024\/04\/DSC_7545-300x199.jpg 300w\" sizes=\"(max-width: 550px) 100vw, 550px\" \/><\/a><\/p>\n<p><a href=\"https:\/\/www.aestrada.com.br\/v1\/wp-content\/uploads\/2024\/04\/DSC_7558.jpg\"><img loading=\"lazy\" class=\"aligncenter size-full wp-image-9307\" src=\"https:\/\/www.aestrada.com.br\/v1\/wp-content\/uploads\/2024\/04\/DSC_7558.jpg\" alt=\"\" width=\"550\" height=\"365\" srcset=\"https:\/\/www.aestrada.com.br\/v1\/wp-content\/uploads\/2024\/04\/DSC_7558.jpg 550w, https:\/\/www.aestrada.com.br\/v1\/wp-content\/uploads\/2024\/04\/DSC_7558-300x199.jpg 300w\" sizes=\"(max-width: 550px) 100vw, 550px\" \/><\/a><a href=\"https:\/\/www.aestrada.com.br\/v1\/wp-content\/uploads\/2024\/04\/DSC_7531.jpg\"><img loading=\"lazy\" class=\"aligncenter size-full wp-image-9305\" src=\"https:\/\/www.aestrada.com.br\/v1\/wp-content\/uploads\/2024\/04\/DSC_7531.jpg\" alt=\"\" width=\"550\" height=\"365\" srcset=\"https:\/\/www.aestrada.com.br\/v1\/wp-content\/uploads\/2024\/04\/DSC_7531.jpg 550w, https:\/\/www.aestrada.com.br\/v1\/wp-content\/uploads\/2024\/04\/DSC_7531-300x199.jpg 300w\" sizes=\"(max-width: 550px) 100vw, 550px\" \/><\/a><\/p>\n","protected":false},"excerpt":{"rendered":"<p>Duas cidades, dois olhares em estados diferentes. Do mesmo porte de Vit\u00f3ria da Conquista, cerca de 400 mil habitantes, distante 120 quil\u00f4metros de Bras\u00edlia e 60 da capital Goi\u00e2nia com vias duplicadas bem conservadas, base da for\u00e7a a\u00e9rea brasileira, An\u00e1polis \u00e9 outra cidade do estado de Goi\u00e1s bem arborizada e estruturada, principalmente em termos de [&hellip;]<\/p>\n","protected":false},"author":3,"featured_media":0,"comment_status":"open","ping_status":"open","sticky":false,"template":"","format":"standard","meta":{"_links_to":"","_links_to_target":""},"categories":[1],"tags":[],"_links":{"self":[{"href":"https:\/\/www.aestrada.com.br\/v1\/wp-json\/wp\/v2\/posts\/9299"}],"collection":[{"href":"https:\/\/www.aestrada.com.br\/v1\/wp-json\/wp\/v2\/posts"}],"about":[{"href":"https:\/\/www.aestrada.com.br\/v1\/wp-json\/wp\/v2\/types\/post"}],"author":[{"embeddable":true,"href":"https:\/\/www.aestrada.com.br\/v1\/wp-json\/wp\/v2\/users\/3"}],"replies":[{"embeddable":true,"href":"https:\/\/www.aestrada.com.br\/v1\/wp-json\/wp\/v2\/comments?post=9299"}],"version-history":[{"count":1,"href":"https:\/\/www.aestrada.com.br\/v1\/wp-json\/wp\/v2\/posts\/9299\/revisions"}],"predecessor-version":[{"id":9308,"href":"https:\/\/www.aestrada.com.br\/v1\/wp-json\/wp\/v2\/posts\/9299\/revisions\/9308"}],"wp:attachment":[{"href":"https:\/\/www.aestrada.com.br\/v1\/wp-json\/wp\/v2\/media?parent=9299"}],"wp:term":[{"taxonomy":"category","embeddable":true,"href":"https:\/\/www.aestrada.com.br\/v1\/wp-json\/wp\/v2\/categories?post=9299"},{"taxonomy":"post_tag","embeddable":true,"href":"https:\/\/www.aestrada.com.br\/v1\/wp-json\/wp\/v2\/tags?post=9299"}],"curies":[{"name":"wp","href":"https:\/\/api.w.org\/{rel}","templated":true}]}}