{"id":9273,"date":"2024-03-29T01:26:14","date_gmt":"2024-03-29T04:26:14","guid":{"rendered":"https:\/\/www.aestrada.com.br\/v1\/?p=9273"},"modified":"2024-03-29T01:26:35","modified_gmt":"2024-03-29T04:26:35","slug":"a-mesa-ficou-jiga-joga","status":"publish","type":"post","link":"https:\/\/www.aestrada.com.br\/v1\/2024\/03\/29\/a-mesa-ficou-jiga-joga\/","title":{"rendered":"A MESA FICOU JIGA-JOGA"},"content":{"rendered":"<p>(Chico Ribeiro Neto)<\/p>\n<p>Tem gente que tem traquejo e prazer em montar ou consertar coisas. Conta-se que Paulinho da Viola, al\u00e9m de excelente compositor, faz e conserta m\u00f3veis e gosta de arrumar carros velhos.<\/p>\n<p>Tenho um amigo que tem uns 40 r\u00e1dios em casa, de tudo que \u00e9 tamanho. Quando t\u00e1 chateado, vai l\u00e1 e desmonta um r\u00e1dio s\u00f3 pra montar de novo. Se depender disso t\u00f4 lenhado. N\u00e3o monto nem quebra-cabe\u00e7a infantil. Nem no cavalo eu acerto montar e desmontar. J\u00e1 ca\u00ed\u00a0 de uma \u00e9gua t\u00e3o tranquila que se chamava &#8220;Mocinha&#8221;.<\/p>\n<p>N\u00e3o me d\u00ea nada para montar, sof\u00e1 ou arm\u00e1rio. At\u00e9 o prego que bato na parede fica torto. Admiro meu amigo Noronha, um artista da carpintaria. Basta olhar uma vez para uma cama na loja que ele chega em casa e faz uma igualzinha.<\/p>\n<p>No interior se dizia que uma mesa ou c\u00f4moda mal feita, armengada, quando ficava bamba, virou jiga-joga, t\u00e1 sempre balan\u00e7ando prum lado.<\/p>\n<p>Uma vez, na TV Itapoan, havia um comercial de sof\u00e1-cama. Ainda n\u00e3o tinha videoteipe e os comerciais eram ao vivo. Dizia a garota-propaganda: &#8220;Esse sof\u00e1 abre-se com uma leve press\u00e3o dos dedos aqui&#8221;. Ela tentou e nada. Deu um sorriso amarelo e tentou de novo. Nada. Ela tentou umas 4 ou 5 vezes at\u00e9 que deu um safan\u00e3o no sof\u00e1 que virou uma cama. &#8220;Viram como \u00e9 f\u00e1cil, senhores telespectadores?&#8221;<\/p>\n<p>Quando a gente se mudava tinha que levar os parafusos da cama num saquinho separado. Esses parafusos n\u00e3o podiam sumir de jeito nenhum. Problema tamb\u00e9m \u00e9 quando a cama desaba no meio de um ato amoroso. A\u00ed s\u00f3 resta sorrir.<\/p>\n<p>Outro amigo comprou uma furadeira e resolveu\u00a0 instalar um arm\u00e1rio de cozinha. Cheio de arte, fez o primeiro furo e jorrou \u00e1gua na cara dele. Ele furou a coluna de \u00e1gua do pr\u00e9dio. Aposentou a furadeira.<\/p>\n<p>A \u00fanica coisa que sei montar s\u00e3o os sonhos, e alguns ainda acabam ficando jiga-joga.<\/p>\n<p>(Veja cr\u00f4nicas anteriores em\u00a0<a href=\"http:\/\/leiamaisba.com.br\/\">leiamaisba.com.br<\/a>)<\/p>\n<p>&nbsp;<\/p>\n","protected":false},"excerpt":{"rendered":"<p>(Chico Ribeiro Neto) Tem gente que tem traquejo e prazer em montar ou consertar coisas. Conta-se que Paulinho da Viola, al\u00e9m de excelente compositor, faz e conserta m\u00f3veis e gosta de arrumar carros velhos. Tenho um amigo que tem uns 40 r\u00e1dios em casa, de tudo que \u00e9 tamanho. Quando t\u00e1 chateado, vai l\u00e1 e [&hellip;]<\/p>\n","protected":false},"author":3,"featured_media":0,"comment_status":"open","ping_status":"open","sticky":false,"template":"","format":"standard","meta":{"_links_to":"","_links_to_target":""},"categories":[1],"tags":[],"_links":{"self":[{"href":"https:\/\/www.aestrada.com.br\/v1\/wp-json\/wp\/v2\/posts\/9273"}],"collection":[{"href":"https:\/\/www.aestrada.com.br\/v1\/wp-json\/wp\/v2\/posts"}],"about":[{"href":"https:\/\/www.aestrada.com.br\/v1\/wp-json\/wp\/v2\/types\/post"}],"author":[{"embeddable":true,"href":"https:\/\/www.aestrada.com.br\/v1\/wp-json\/wp\/v2\/users\/3"}],"replies":[{"embeddable":true,"href":"https:\/\/www.aestrada.com.br\/v1\/wp-json\/wp\/v2\/comments?post=9273"}],"version-history":[{"count":1,"href":"https:\/\/www.aestrada.com.br\/v1\/wp-json\/wp\/v2\/posts\/9273\/revisions"}],"predecessor-version":[{"id":9274,"href":"https:\/\/www.aestrada.com.br\/v1\/wp-json\/wp\/v2\/posts\/9273\/revisions\/9274"}],"wp:attachment":[{"href":"https:\/\/www.aestrada.com.br\/v1\/wp-json\/wp\/v2\/media?parent=9273"}],"wp:term":[{"taxonomy":"category","embeddable":true,"href":"https:\/\/www.aestrada.com.br\/v1\/wp-json\/wp\/v2\/categories?post=9273"},{"taxonomy":"post_tag","embeddable":true,"href":"https:\/\/www.aestrada.com.br\/v1\/wp-json\/wp\/v2\/tags?post=9273"}],"curies":[{"name":"wp","href":"https:\/\/api.w.org\/{rel}","templated":true}]}}