{"id":9269,"date":"2024-03-29T01:10:18","date_gmt":"2024-03-29T04:10:18","guid":{"rendered":"https:\/\/www.aestrada.com.br\/v1\/?p=9269"},"modified":"2024-03-29T01:10:34","modified_gmt":"2024-03-29T04:10:34","slug":"mudanca","status":"publish","type":"post","link":"https:\/\/www.aestrada.com.br\/v1\/2024\/03\/29\/mudanca\/","title":{"rendered":"&#8220;MUDAN\u00c7A&#8221;"},"content":{"rendered":"<p><a href=\"https:\/\/www.aestrada.com.br\/v1\/wp-content\/uploads\/2024\/03\/DSC_7378.jpg\"><img loading=\"lazy\" class=\"aligncenter size-full wp-image-9270\" src=\"https:\/\/www.aestrada.com.br\/v1\/wp-content\/uploads\/2024\/03\/DSC_7378.jpg\" alt=\"\" width=\"550\" height=\"365\" srcset=\"https:\/\/www.aestrada.com.br\/v1\/wp-content\/uploads\/2024\/03\/DSC_7378.jpg 550w, https:\/\/www.aestrada.com.br\/v1\/wp-content\/uploads\/2024\/03\/DSC_7378-300x199.jpg 300w\" sizes=\"(max-width: 550px) 100vw, 550px\" \/><\/a><\/p>\n<p>A escultura ou performance do artista Fernando Madeira que d\u00e1 o nome de \u201cMudan\u00e7a\u201d em sua obra, instalada no Instituto Biapo (visitamos em nossa viagem ao estado), em Goi\u00e1s Velho ou Velha, localizado em frente da casa da poetisa Cora Coralina, por si s\u00f3 j\u00e1 diz tudo. A palavra mudan\u00e7a provoca arrepios em muita gente que tem receios de sair da sua comodidade e partir para enfrentar desafios. Mudan\u00e7a para outros \u00e9 ter coragem, \u00e9 transforma\u00e7\u00e3o de vida e coragem. Todo ser humano deve estar sempre em processo de mudan\u00e7a para ganhar mais saber e conhecimento, e quem n\u00e3o muda com intuito de melhorar, inclusive em seus conceitos, n\u00e3o merece viver. \u00a0A terra est\u00e1 sempre em mudan\u00e7a. Mudan\u00e7a tamb\u00e9m \u00e9 renova\u00e7\u00e3o, evolu\u00e7\u00e3o das ideias diante das novas tecnologias, do pensar de outra forma, de acordo com o tempo. O que ontem era antigo, hoje entra o moderno que devemos incorpor\u00e1-lo. Tem ainda aquela mudan\u00e7a do tipo material, como sair do campo para a cidade, ou de uma cidade para outra. Mudar de emprego, de trabalho para melhorar de vida. Quem n\u00e3o faz mudan\u00e7as morre sem saber. Existe a mudan\u00e7a para o pior. Cada um faz sua reflex\u00e3o, mas mudar \u00e9 essencial. \u00c9 como no futebol quando o t\u00e9cnico faz mudan\u00e7as em seu time para ganhar do advers\u00e1rio.<\/p>\n<p><a href=\"https:\/\/www.aestrada.com.br\/v1\/wp-content\/uploads\/2024\/03\/DSC_7379.jpg\"><img loading=\"lazy\" class=\"aligncenter size-full wp-image-9271\" src=\"https:\/\/www.aestrada.com.br\/v1\/wp-content\/uploads\/2024\/03\/DSC_7379.jpg\" alt=\"\" width=\"550\" height=\"365\" srcset=\"https:\/\/www.aestrada.com.br\/v1\/wp-content\/uploads\/2024\/03\/DSC_7379.jpg 550w, https:\/\/www.aestrada.com.br\/v1\/wp-content\/uploads\/2024\/03\/DSC_7379-300x199.jpg 300w\" sizes=\"(max-width: 550px) 100vw, 550px\" \/><\/a><\/p>\n","protected":false},"excerpt":{"rendered":"<p>A escultura ou performance do artista Fernando Madeira que d\u00e1 o nome de \u201cMudan\u00e7a\u201d em sua obra, instalada no Instituto Biapo (visitamos em nossa viagem ao estado), em Goi\u00e1s Velho ou Velha, localizado em frente da casa da poetisa Cora Coralina, por si s\u00f3 j\u00e1 diz tudo. A palavra mudan\u00e7a provoca arrepios em muita gente [&hellip;]<\/p>\n","protected":false},"author":3,"featured_media":0,"comment_status":"open","ping_status":"open","sticky":false,"template":"","format":"standard","meta":{"_links_to":"","_links_to_target":""},"categories":[5],"tags":[],"_links":{"self":[{"href":"https:\/\/www.aestrada.com.br\/v1\/wp-json\/wp\/v2\/posts\/9269"}],"collection":[{"href":"https:\/\/www.aestrada.com.br\/v1\/wp-json\/wp\/v2\/posts"}],"about":[{"href":"https:\/\/www.aestrada.com.br\/v1\/wp-json\/wp\/v2\/types\/post"}],"author":[{"embeddable":true,"href":"https:\/\/www.aestrada.com.br\/v1\/wp-json\/wp\/v2\/users\/3"}],"replies":[{"embeddable":true,"href":"https:\/\/www.aestrada.com.br\/v1\/wp-json\/wp\/v2\/comments?post=9269"}],"version-history":[{"count":1,"href":"https:\/\/www.aestrada.com.br\/v1\/wp-json\/wp\/v2\/posts\/9269\/revisions"}],"predecessor-version":[{"id":9272,"href":"https:\/\/www.aestrada.com.br\/v1\/wp-json\/wp\/v2\/posts\/9269\/revisions\/9272"}],"wp:attachment":[{"href":"https:\/\/www.aestrada.com.br\/v1\/wp-json\/wp\/v2\/media?parent=9269"}],"wp:term":[{"taxonomy":"category","embeddable":true,"href":"https:\/\/www.aestrada.com.br\/v1\/wp-json\/wp\/v2\/categories?post=9269"},{"taxonomy":"post_tag","embeddable":true,"href":"https:\/\/www.aestrada.com.br\/v1\/wp-json\/wp\/v2\/tags?post=9269"}],"curies":[{"name":"wp","href":"https:\/\/api.w.org\/{rel}","templated":true}]}}