{"id":9267,"date":"2024-03-29T00:56:16","date_gmt":"2024-03-29T03:56:16","guid":{"rendered":"https:\/\/www.aestrada.com.br\/v1\/?p=9267"},"modified":"2024-03-29T00:56:26","modified_gmt":"2024-03-29T03:56:26","slug":"a-vida-e-como-e","status":"publish","type":"post","link":"https:\/\/www.aestrada.com.br\/v1\/2024\/03\/29\/a-vida-e-como-e\/","title":{"rendered":"A VIDA \u00c9 COMO \u00c9"},"content":{"rendered":"<p>Autoria do jornalista e escritor Jeremias Mac\u00e1rio<\/p>\n<p>Aleluia! Aleluia! Aleluia!<\/p>\n<p>Nasci,<\/p>\n<p>Sem pedir para vir,<\/p>\n<p>Mas estou aqui<\/p>\n<p>A respirar<\/p>\n<p>Esse ar polu\u00eddo,<\/p>\n<p>Imundo,<\/p>\n<p>Que constru\u00edram pra mim.<\/p>\n<p>&nbsp;<\/p>\n<p>\u00c9 a vida como \u00e9,<\/p>\n<p>Ou \u201ccomo ela \u00e9\u201d,<\/p>\n<p>De hipocrisias e sodomias,<\/p>\n<p>Bela como aquarela,<\/p>\n<p>Finita e infinita,<\/p>\n<p>De dores e amores.<\/p>\n<p>&nbsp;<\/p>\n<p>A vida \u00e9 como \u00e9:<\/p>\n<p>Pode estar,<\/p>\n<p>No jogo do babala\u00f4,<\/p>\n<p>No or\u00e1culo do If\u00e1,<\/p>\n<p>Na prega\u00e7\u00e3o do pastor,<\/p>\n<p>Na B\u00edblia e no Alcor\u00e3o,<\/p>\n<p>Nas cenas de horror,<\/p>\n<p>Culturas ou religi\u00f5es,<\/p>\n<p>Sentimentos ou raz\u00f5es,<\/p>\n<p>No esp\u00edrito ancestral,<\/p>\n<p>Conflito existencial.<\/p>\n<p>&nbsp;<\/p>\n<p>A vida \u00e9 como \u00e9:<\/p>\n<p>De acertos e desacertos,<\/p>\n<p>De raivas,<\/p>\n<p>Palavras am\u00e1veis,<\/p>\n<p>Como viagem de trem,<\/p>\n<p>De esta\u00e7\u00e3o em esta\u00e7\u00e3o,<\/p>\n<p>Onde uns sobem,<\/p>\n<p>Outros descem,<\/p>\n<p>E ningu\u00e9m \u00e9 ningu\u00e9m,<\/p>\n<p>Com tantas gentes,<\/p>\n<p>Diferentes,<\/p>\n<p>Malditos e divinos,<\/p>\n<p>Bom, mau ou feio,<\/p>\n<p>Como crian\u00e7a no recreio,<\/p>\n<p>Que nem sabe de onde veio.<\/p>\n<p>&nbsp;<\/p>\n<p>A vida \u00e9 como \u00e9:<\/p>\n<p>Travessia<\/p>\n<p>Do esfuma\u00e7ado rio,<\/p>\n<p>Onde o barqueiro,<\/p>\n<p>Cobra uma moeda,<\/p>\n<p>Para ser seu guia.<\/p>\n<p>&nbsp;<\/p>\n<p>A vida \u00e9 como \u00e9:<\/p>\n<p>Alma da floresta,<\/p>\n<p>Filho da montanha,<\/p>\n<p>Perda e ganha,<\/p>\n<p>Agonia e festa,<\/p>\n<p>Templo do senhor,<\/p>\n<p>Vingador,<\/p>\n<p>Ilus\u00e3o \u00e9 f\u00e9.<\/p>\n","protected":false},"excerpt":{"rendered":"<p>Autoria do jornalista e escritor Jeremias Mac\u00e1rio Aleluia! Aleluia! Aleluia! Nasci, Sem pedir para vir, Mas estou aqui A respirar Esse ar polu\u00eddo, Imundo, Que constru\u00edram pra mim. &nbsp; \u00c9 a vida como \u00e9, Ou \u201ccomo ela \u00e9\u201d, De hipocrisias e sodomias, Bela como aquarela, Finita e infinita, De dores e amores. &nbsp; A vida [&hellip;]<\/p>\n","protected":false},"author":3,"featured_media":0,"comment_status":"open","ping_status":"open","sticky":false,"template":"","format":"standard","meta":{"_links_to":"","_links_to_target":""},"categories":[6],"tags":[],"_links":{"self":[{"href":"https:\/\/www.aestrada.com.br\/v1\/wp-json\/wp\/v2\/posts\/9267"}],"collection":[{"href":"https:\/\/www.aestrada.com.br\/v1\/wp-json\/wp\/v2\/posts"}],"about":[{"href":"https:\/\/www.aestrada.com.br\/v1\/wp-json\/wp\/v2\/types\/post"}],"author":[{"embeddable":true,"href":"https:\/\/www.aestrada.com.br\/v1\/wp-json\/wp\/v2\/users\/3"}],"replies":[{"embeddable":true,"href":"https:\/\/www.aestrada.com.br\/v1\/wp-json\/wp\/v2\/comments?post=9267"}],"version-history":[{"count":1,"href":"https:\/\/www.aestrada.com.br\/v1\/wp-json\/wp\/v2\/posts\/9267\/revisions"}],"predecessor-version":[{"id":9268,"href":"https:\/\/www.aestrada.com.br\/v1\/wp-json\/wp\/v2\/posts\/9267\/revisions\/9268"}],"wp:attachment":[{"href":"https:\/\/www.aestrada.com.br\/v1\/wp-json\/wp\/v2\/media?parent=9267"}],"wp:term":[{"taxonomy":"category","embeddable":true,"href":"https:\/\/www.aestrada.com.br\/v1\/wp-json\/wp\/v2\/categories?post=9267"},{"taxonomy":"post_tag","embeddable":true,"href":"https:\/\/www.aestrada.com.br\/v1\/wp-json\/wp\/v2\/tags?post=9267"}],"curies":[{"name":"wp","href":"https:\/\/api.w.org\/{rel}","templated":true}]}}