{"id":9239,"date":"2024-03-14T22:56:55","date_gmt":"2024-03-15T01:56:55","guid":{"rendered":"https:\/\/www.aestrada.com.br\/v1\/?p=9239"},"modified":"2024-03-14T22:58:21","modified_gmt":"2024-03-15T01:58:21","slug":"dia-municipal-da-cultura","status":"publish","type":"post","link":"https:\/\/www.aestrada.com.br\/v1\/2024\/03\/14\/dia-municipal-da-cultura\/","title":{"rendered":"DIA MUNICIPAL DA CULTURA"},"content":{"rendered":"<p>NOSSA CULTURA ANDA T\u00c3O ABANDONADA (DIZEM QUE FOI SEPULTADA EM CONQUISTA) QUE NEM O PODER P\u00daBLICO E A NOSSA M\u00cdDIA LOCAL (ESQUECEU DA SUA ALDEIA) AO MENOS CITARAM O SEU DIA. TRISTEZA! PASSOU E NINGU\u00c9M VIU. A NOSSA CULTURA EST\u00c1 NUA!<\/p>\n<p>Infelizmente, poucos t\u00eam conhecimento porque tamb\u00e9m n\u00e3o \u00e9 lembrado pelas institui\u00e7\u00f5es e a m\u00eddia em geral, mas todo 14 de mar\u00e7o do ano \u00e9 o Dia Municipal da Cultura de Vitoria da Conquista, institu\u00eddo pela lei n\u00famero 1.367\/2006, e assinada pelo ent\u00e3o prefeito Jos\u00e9 Raimundo Fontes. Como est\u00e1 a nossa cultura, nada a comemorar.<\/p>\n<p>A C\u00e2mara de Vereadores de Vit\u00f3ria da Conquista, com base na lei, concede medalha de M\u00e9rito Glauber Rocha a homenageados indicados pelo Conselho Municipal de Cultura, em sess\u00e3o solene marcada pela Mesa Diretora. Na ocasi\u00e3o, a data \u00e9 comemorada pelos parlamentares, artistas e pela plen\u00e1ria. Pelo menos deveria.<\/p>\n<p>Nas homenagens ao Dia Municipal da Cultura, \u00e9 bom que se fa\u00e7a uma reflex\u00e3o sobre o que \u00e9 cultura, principalmente nesses tempos t\u00e3o dif\u00edceis no \u00e2mbito municipal onde a nossa cultura n\u00e3o tem o lugar de destaque que merece pelo poder executivo. Estamos destruindo o que ainda resta. Outra indaga\u00e7\u00e3o a ser feita \u00e9 sobre como vai nossa cultura em Vit\u00f3ria da Conquista e o que se pode fazer para melhorar.<\/p>\n<p>O que se tem feito ainda deixa muito a desejar, especialmente em rela\u00e7\u00e3o a Vit\u00f3ria da Conquista, a terceira maior cidade da Bahia com quase 400 mil habitantes, que j\u00e1 foi celeiro de grandes artistas e pensadores. N\u00e3o \u00e9 que atualmente n\u00e3o existam grandes talentos, mas as nossas express\u00f5es art\u00edsticas n\u00e3o t\u00eam recebido o apoio merecido dos poderes p\u00fablicos.<\/p>\n<p>Os recursos t\u00eam sido escassos, e os governantes, infelizmente, t\u00eam colocado a cultura apenas como um jarro de decora\u00e7\u00e3o em suas mesas. Talvez entendam que n\u00e3o rende voto e alocam poucas verbas para o setor. Os artistas em geral vivem a mendigar para realizar seus projetos.<\/p>\n<p>Temos muita luta pela frente para que Conquista volte \u00e0 sua efervesc\u00eancia cultural dos anos 50, 60 e 70. Gostaria de lembra aqui que o Conselho Municipal de Cultura anterior (2021\/23) empreendeu uma grande luta no sentido de criar o Plano Municipal de Cultura e instituir a Funda\u00e7\u00e3o Cultural. Esse Plano iria ditar as diretrizes pol\u00edticas para resgatar a nossa cultura. Mais uma vez, o projeto foi emperrado pelo poder executivo que n\u00e3o deu o suporte necess\u00e1rio para sua concretiza\u00e7\u00e3o.<\/p>\n<p>Neste dia n\u00e3o temos muito a comemorar quando h\u00e1 anos tr\u00eas equipamentos culturais \u2013 o Teatro Carlos Jheovah, o Cine Madrigal e a Casa Glauber Rocha &#8211; continuam fechados e sem data para serem reabertos.\u00a0 Com isso, os artistas conquistenses, abrangendo todas as linguagens, est\u00e3o sem espa\u00e7o para realizar seus ensaios e apresenta\u00e7\u00f5es de seus trabalhos, prejudicando, principalmente, o teatro, a literatura, a dan\u00e7a e a m\u00fasica.<\/p>\n<p>DIA DA POESIA<\/p>\n<p>O dia 14 de mar\u00e7o \u00e9 comemorativo ao nascimento do cineasta Glauber Rocha e lembra tamb\u00e9m o nascimento de poeta Castro Alves, h\u00e1 176 anos. Por isso tamb\u00e9m, o 14 de mar\u00e7o \u00e9 o Dia da Poesia, uma linguagem que \u00e9 fonte de vida, mas desprezada, especialmente pelos nossos jovens em geral.<\/p>\n<p>Como todos sabem, Castro Alves dedicou suas poesias \u00e0s quest\u00f5es sociais e foi um grande defensor da liberta\u00e7\u00e3o dos escravos. Um abolicionista que abriu portas para outros intelectuais lutarem pelo fim da escravid\u00e3o no Brasil.<\/p>\n<p>&nbsp;<\/p>\n","protected":false},"excerpt":{"rendered":"<p>NOSSA CULTURA ANDA T\u00c3O ABANDONADA (DIZEM QUE FOI SEPULTADA EM CONQUISTA) QUE NEM O PODER P\u00daBLICO E A NOSSA M\u00cdDIA LOCAL (ESQUECEU DA SUA ALDEIA) AO MENOS CITARAM O SEU DIA. TRISTEZA! PASSOU E NINGU\u00c9M VIU. A NOSSA CULTURA EST\u00c1 NUA! Infelizmente, poucos t\u00eam conhecimento porque tamb\u00e9m n\u00e3o \u00e9 lembrado pelas institui\u00e7\u00f5es e a m\u00eddia [&hellip;]<\/p>\n","protected":false},"author":3,"featured_media":0,"comment_status":"open","ping_status":"open","sticky":false,"template":"","format":"standard","meta":{"_links_to":"","_links_to_target":""},"categories":[1],"tags":[],"_links":{"self":[{"href":"https:\/\/www.aestrada.com.br\/v1\/wp-json\/wp\/v2\/posts\/9239"}],"collection":[{"href":"https:\/\/www.aestrada.com.br\/v1\/wp-json\/wp\/v2\/posts"}],"about":[{"href":"https:\/\/www.aestrada.com.br\/v1\/wp-json\/wp\/v2\/types\/post"}],"author":[{"embeddable":true,"href":"https:\/\/www.aestrada.com.br\/v1\/wp-json\/wp\/v2\/users\/3"}],"replies":[{"embeddable":true,"href":"https:\/\/www.aestrada.com.br\/v1\/wp-json\/wp\/v2\/comments?post=9239"}],"version-history":[{"count":2,"href":"https:\/\/www.aestrada.com.br\/v1\/wp-json\/wp\/v2\/posts\/9239\/revisions"}],"predecessor-version":[{"id":9241,"href":"https:\/\/www.aestrada.com.br\/v1\/wp-json\/wp\/v2\/posts\/9239\/revisions\/9241"}],"wp:attachment":[{"href":"https:\/\/www.aestrada.com.br\/v1\/wp-json\/wp\/v2\/media?parent=9239"}],"wp:term":[{"taxonomy":"category","embeddable":true,"href":"https:\/\/www.aestrada.com.br\/v1\/wp-json\/wp\/v2\/categories?post=9239"},{"taxonomy":"post_tag","embeddable":true,"href":"https:\/\/www.aestrada.com.br\/v1\/wp-json\/wp\/v2\/tags?post=9239"}],"curies":[{"name":"wp","href":"https:\/\/api.w.org\/{rel}","templated":true}]}}