{"id":9046,"date":"2024-01-25T12:49:55","date_gmt":"2024-01-25T15:49:55","guid":{"rendered":"https:\/\/www.aestrada.com.br\/v1\/?p=9046"},"modified":"2024-01-25T12:50:01","modified_gmt":"2024-01-25T15:50:01","slug":"riscados-aridos-da-infancia","status":"publish","type":"post","link":"https:\/\/www.aestrada.com.br\/v1\/2024\/01\/25\/riscados-aridos-da-infancia\/","title":{"rendered":"&#8220;RISCADOS \u00c1RIDOS DA INF\u00c2NCIA&#8221;"},"content":{"rendered":"<p><a href=\"https:\/\/www.aestrada.com.br\/v1\/wp-content\/uploads\/2024\/01\/DSC_7064.jpg\"><img loading=\"lazy\" class=\"aligncenter size-full wp-image-9047\" src=\"https:\/\/www.aestrada.com.br\/v1\/wp-content\/uploads\/2024\/01\/DSC_7064.jpg\" alt=\"\" width=\"550\" height=\"365\" srcset=\"https:\/\/www.aestrada.com.br\/v1\/wp-content\/uploads\/2024\/01\/DSC_7064.jpg 550w, https:\/\/www.aestrada.com.br\/v1\/wp-content\/uploads\/2024\/01\/DSC_7064-300x199.jpg 300w\" sizes=\"(max-width: 550px) 100vw, 550px\" \/><\/a><\/p>\n<p>Com fotografias do meu amigo fot\u00f3grafo, Evandro Teixeira, reconhecido internacionalmente pelas suas imagens da ditadura militar no Brasil e na Am\u00e9rica do Sul, de Canudos, dentre outras cenas in\u00e9ditas, do artista pl\u00e1stico Silvio Jess\u00e9, que retrata a vida do sert\u00e3o e dos sertanejos, foi lan\u00e7ado no in\u00edcio deste m\u00eas de janeiro, no Centro de Cultura Camilo de Jesus Lima, o livro \u201cRiscados \u00c1ridos da Inf\u00e2ncia\u201d, da professora Ester Maria Figueiredo, que tem como cen\u00e1rio a cidade de Canudos. Al\u00e9m do deputado federal Waldenor Pereira e do estadual Jos\u00e9 Raimundo Fontes, estiveram presentes escritores e intelectuais. O evento contou com uma apresenta\u00e7\u00e3o musical do maestro Jo\u00e3o Omar. No final, Evandro Teixeira fez uma explana\u00e7\u00e3o de seus trabalhos, destacando as fotos emblem\u00e1ticas da ditadura civil-militar de 1964 no Brasil, com destaque para a marcha dos 100 mil e dos principais personagens que participaram das manifesta\u00e7\u00f5es contra o regime, cujo golpe est\u00e1 completando 60 anos e merece ser lembrado para que este epis\u00f3dio nunca mais se repita em nosso pa\u00eds. Na ocasi\u00e3o, Teixeira lan\u00e7ou seu livro de 100 estudantes e militantes que estiveram presentes nos protestos do \u201cAbaixa a Ditadura. \u201cRiscados \u00c1ridos da Inf\u00e2ncia\u201d fala do cotidiano da nossa gente sertaneja, seus costumes e h\u00e1bitos. \u00c9, na verdade, uma obra de mem\u00f3ria, com a riqueza das pinturas de Silvio e fotos de Evandro.<\/p>\n<p><a href=\"https:\/\/www.aestrada.com.br\/v1\/wp-content\/uploads\/2024\/01\/DSC_7062.jpg\"><img loading=\"lazy\" class=\"aligncenter size-full wp-image-9048\" src=\"https:\/\/www.aestrada.com.br\/v1\/wp-content\/uploads\/2024\/01\/DSC_7062.jpg\" alt=\"\" width=\"550\" height=\"365\" srcset=\"https:\/\/www.aestrada.com.br\/v1\/wp-content\/uploads\/2024\/01\/DSC_7062.jpg 550w, https:\/\/www.aestrada.com.br\/v1\/wp-content\/uploads\/2024\/01\/DSC_7062-300x199.jpg 300w\" sizes=\"(max-width: 550px) 100vw, 550px\" \/><\/a><\/p>\n","protected":false},"excerpt":{"rendered":"<p>Com fotografias do meu amigo fot\u00f3grafo, Evandro Teixeira, reconhecido internacionalmente pelas suas imagens da ditadura militar no Brasil e na Am\u00e9rica do Sul, de Canudos, dentre outras cenas in\u00e9ditas, do artista pl\u00e1stico Silvio Jess\u00e9, que retrata a vida do sert\u00e3o e dos sertanejos, foi lan\u00e7ado no in\u00edcio deste m\u00eas de janeiro, no Centro de Cultura [&hellip;]<\/p>\n","protected":false},"author":3,"featured_media":0,"comment_status":"open","ping_status":"open","sticky":false,"template":"","format":"standard","meta":{"_links_to":"","_links_to_target":""},"categories":[5],"tags":[],"_links":{"self":[{"href":"https:\/\/www.aestrada.com.br\/v1\/wp-json\/wp\/v2\/posts\/9046"}],"collection":[{"href":"https:\/\/www.aestrada.com.br\/v1\/wp-json\/wp\/v2\/posts"}],"about":[{"href":"https:\/\/www.aestrada.com.br\/v1\/wp-json\/wp\/v2\/types\/post"}],"author":[{"embeddable":true,"href":"https:\/\/www.aestrada.com.br\/v1\/wp-json\/wp\/v2\/users\/3"}],"replies":[{"embeddable":true,"href":"https:\/\/www.aestrada.com.br\/v1\/wp-json\/wp\/v2\/comments?post=9046"}],"version-history":[{"count":1,"href":"https:\/\/www.aestrada.com.br\/v1\/wp-json\/wp\/v2\/posts\/9046\/revisions"}],"predecessor-version":[{"id":9049,"href":"https:\/\/www.aestrada.com.br\/v1\/wp-json\/wp\/v2\/posts\/9046\/revisions\/9049"}],"wp:attachment":[{"href":"https:\/\/www.aestrada.com.br\/v1\/wp-json\/wp\/v2\/media?parent=9046"}],"wp:term":[{"taxonomy":"category","embeddable":true,"href":"https:\/\/www.aestrada.com.br\/v1\/wp-json\/wp\/v2\/categories?post=9046"},{"taxonomy":"post_tag","embeddable":true,"href":"https:\/\/www.aestrada.com.br\/v1\/wp-json\/wp\/v2\/tags?post=9046"}],"curies":[{"name":"wp","href":"https:\/\/api.w.org\/{rel}","templated":true}]}}