{"id":9031,"date":"2024-01-18T22:50:04","date_gmt":"2024-01-19T01:50:04","guid":{"rendered":"https:\/\/www.aestrada.com.br\/v1\/?p=9031"},"modified":"2024-01-18T22:50:13","modified_gmt":"2024-01-19T01:50:13","slug":"mais-um-posto-sem-medico","status":"publish","type":"post","link":"https:\/\/www.aestrada.com.br\/v1\/2024\/01\/18\/mais-um-posto-sem-medico\/","title":{"rendered":"MAIS UM POSTO SEM M\u00c9DICO"},"content":{"rendered":"<p><a href=\"https:\/\/www.aestrada.com.br\/v1\/wp-content\/uploads\/2024\/01\/DSC_7047.jpg\"><img loading=\"lazy\" class=\"aligncenter size-full wp-image-9032\" src=\"https:\/\/www.aestrada.com.br\/v1\/wp-content\/uploads\/2024\/01\/DSC_7047.jpg\" alt=\"\" width=\"550\" height=\"365\" srcset=\"https:\/\/www.aestrada.com.br\/v1\/wp-content\/uploads\/2024\/01\/DSC_7047.jpg 550w, https:\/\/www.aestrada.com.br\/v1\/wp-content\/uploads\/2024\/01\/DSC_7047-300x199.jpg 300w\" sizes=\"(max-width: 550px) 100vw, 550px\" \/><\/a><\/p>\n<p>As reclama\u00e7\u00f5es s\u00e3o constantes em Vit\u00f3ria da Conquista com rela\u00e7\u00e3o a postos de sa\u00fade da fam\u00edlia sem m\u00e9dico, o que demonstra a precariedade do setor em nossa cidade.\u00a0 Estive ontem (dia 18\/01\/23) no Posto Nestor Guimar\u00e3es, no Bairro Fel\u00edcia, Guanabara ou Jurema, a depender da classifica\u00e7\u00e3o de cada um, para solicitar uma indica\u00e7\u00e3o onde realizar um teste de covid. A recepcionista (parecia nova na fun\u00e7\u00e3o e era a \u00fanica funcion\u00e1ria) foi logo me dizendo que n\u00e3o existia m\u00e9dico e que eu teria que entrar no site da Prefeitura Municipal (coisa complicada) para fazer a marca\u00e7\u00e3o. Ao meu lado tinha uma senhora idoso que pedia um exame, recomendado pelo seu m\u00e9dico anestesista, com a finalidade de proceder sua opera\u00e7\u00e3o de catarata. A mo\u00e7a disse que ela teria que esperar tr\u00eas meses. Ora, como uma pessoa tem que aguardar tr\u00eas meses por um exame, para realizar uma cirurgia nas vistas quando se trata de um procedimento de urg\u00eancia para a doen\u00e7a n\u00e3o piorar mais ainda? Me intrometi na conversa em defesa da senhora e lembrei que est\u00e1 completando agora dois anos que marquei um exame no mesmo posto para uma consulta com um otorrino e at\u00e9 o momento n\u00e3o me chamaram, isto quando tive covid em fevereiro de 2022. Como se n\u00e3o bastasse a cultura, a sa\u00fade em Conquista est\u00e1 abandonada e muitos chegam at\u00e9 a morrer antes do tempo por falta de atendimento. Como um m\u00e9dico sai de f\u00e9rias e outro n\u00e3o \u00e9 colocado em seu lugar, como se fosse um empregado auxiliar de escrit\u00f3rio onde a empresa pode at\u00e9 acumular a fun\u00e7\u00e3o com outra pessoa. Afinal de contas, estamos tratando de vidas humanas. Isso \u00e9 um absurdo, para n\u00e3o se dizer uma vergonha. Quanto ao meu teste de covid, tive que fazer numa farm\u00e1cia particular.<\/p>\n","protected":false},"excerpt":{"rendered":"<p>As reclama\u00e7\u00f5es s\u00e3o constantes em Vit\u00f3ria da Conquista com rela\u00e7\u00e3o a postos de sa\u00fade da fam\u00edlia sem m\u00e9dico, o que demonstra a precariedade do setor em nossa cidade.\u00a0 Estive ontem (dia 18\/01\/23) no Posto Nestor Guimar\u00e3es, no Bairro Fel\u00edcia, Guanabara ou Jurema, a depender da classifica\u00e7\u00e3o de cada um, para solicitar uma indica\u00e7\u00e3o onde realizar [&hellip;]<\/p>\n","protected":false},"author":3,"featured_media":0,"comment_status":"open","ping_status":"open","sticky":false,"template":"","format":"standard","meta":{"_links_to":"","_links_to_target":""},"categories":[5],"tags":[],"_links":{"self":[{"href":"https:\/\/www.aestrada.com.br\/v1\/wp-json\/wp\/v2\/posts\/9031"}],"collection":[{"href":"https:\/\/www.aestrada.com.br\/v1\/wp-json\/wp\/v2\/posts"}],"about":[{"href":"https:\/\/www.aestrada.com.br\/v1\/wp-json\/wp\/v2\/types\/post"}],"author":[{"embeddable":true,"href":"https:\/\/www.aestrada.com.br\/v1\/wp-json\/wp\/v2\/users\/3"}],"replies":[{"embeddable":true,"href":"https:\/\/www.aestrada.com.br\/v1\/wp-json\/wp\/v2\/comments?post=9031"}],"version-history":[{"count":1,"href":"https:\/\/www.aestrada.com.br\/v1\/wp-json\/wp\/v2\/posts\/9031\/revisions"}],"predecessor-version":[{"id":9033,"href":"https:\/\/www.aestrada.com.br\/v1\/wp-json\/wp\/v2\/posts\/9031\/revisions\/9033"}],"wp:attachment":[{"href":"https:\/\/www.aestrada.com.br\/v1\/wp-json\/wp\/v2\/media?parent=9031"}],"wp:term":[{"taxonomy":"category","embeddable":true,"href":"https:\/\/www.aestrada.com.br\/v1\/wp-json\/wp\/v2\/categories?post=9031"},{"taxonomy":"post_tag","embeddable":true,"href":"https:\/\/www.aestrada.com.br\/v1\/wp-json\/wp\/v2\/tags?post=9031"}],"curies":[{"name":"wp","href":"https:\/\/api.w.org\/{rel}","templated":true}]}}