{"id":9004,"date":"2024-01-11T23:00:07","date_gmt":"2024-01-12T02:00:07","guid":{"rendered":"https:\/\/www.aestrada.com.br\/v1\/?p=9004"},"modified":"2024-01-11T23:00:14","modified_gmt":"2024-01-12T02:00:14","slug":"e-os-reparos-do-cristo","status":"publish","type":"post","link":"https:\/\/www.aestrada.com.br\/v1\/2024\/01\/11\/e-os-reparos-do-cristo\/","title":{"rendered":"E OS REPAROS DO CRISTO?"},"content":{"rendered":"<p><a href=\"https:\/\/www.aestrada.com.br\/v1\/wp-content\/uploads\/2024\/01\/DSC_7017-Copia-2.jpg\"><img loading=\"lazy\" class=\"aligncenter size-full wp-image-9005\" src=\"https:\/\/www.aestrada.com.br\/v1\/wp-content\/uploads\/2024\/01\/DSC_7017-Copia-2.jpg\" alt=\"\" width=\"550\" height=\"365\" srcset=\"https:\/\/www.aestrada.com.br\/v1\/wp-content\/uploads\/2024\/01\/DSC_7017-Copia-2.jpg 550w, https:\/\/www.aestrada.com.br\/v1\/wp-content\/uploads\/2024\/01\/DSC_7017-Copia-2-300x199.jpg 300w\" sizes=\"(max-width: 550px) 100vw, 550px\" \/><\/a><\/p>\n<p>Quando estava na presid\u00eancia do Conselho Municipal de Cultura de Vit\u00f3ria da Conquista (2021\/23) surgiu uma den\u00fancia, no in\u00edcio de 2022, de arquitetos e at\u00e9 de pessoas ligadas ao artista M\u00e1rio Cravo, criador da obra, de que a escultura do Cristo da Serra do Periperi estava necessitando de reparos na parte interna e externa, inclusive de que se esses servi\u00e7os n\u00e3o fossem feitos, a imagem poderia ficar irrecuper\u00e1vel.\u00a0 No meado do ano levamos esse alerta para a prefeita Sheila Lemos, numa audi\u00eancia que tivemos com ela na prefeitura. Prontamente ela respondeu que aquelas informa\u00e7\u00f5es n\u00e3o tinham fundamento e que havia sido feita uma vistoria e nada foi constatado em termos de estragos em seu material na parte interna. N\u00e3o foram apresentados laudos comprovando que o monumento n\u00e3o estava correndo risco de perda. No entanto, olhando com mais cuidado, qualquer leigo visitante vai perceber sujeiras na parte externa do Cristo, tanto em sua imagem como na cruz. Se n\u00e3o me engano, o monumento est\u00e1 completando 44 anos e, durante este per\u00edodo, n\u00e3o tem recebido a devida manuten\u00e7\u00e3o por parte dos governantes. Alguns deles fizeram uns \u201cpuxadinhos\u201d em torno do Cristo, como est\u00e1 sendo realizado agora e sempre d\u00e3o o nome de revitaliza\u00e7\u00e3o. A verdade \u00e9 que Ele e sua \u00e1rea nunca receberam grandes obras que atra\u00edssem mais visitas dos moradores e gente de fora. Continua abandonado e quando algu\u00e9m chega ali \u00e9 recepcionado por uma cachorrada. Algo tem que ser feito para mudar esse vergonhoso quadro. J\u00e1 que o poder p\u00fablico n\u00e3o tem dado a devida import\u00e2ncia, por que n\u00e3o passar a administra\u00e7\u00e3o do Cristo para o setor privado ou uma institui\u00e7\u00e3o como a Igreja Cat\u00f3lica, para explorar o ponto e torn\u00e1-lo tur\u00edstico, num cart\u00e3o postal da cidade, como acontece em outros lugares?<\/p>\n","protected":false},"excerpt":{"rendered":"<p>Quando estava na presid\u00eancia do Conselho Municipal de Cultura de Vit\u00f3ria da Conquista (2021\/23) surgiu uma den\u00fancia, no in\u00edcio de 2022, de arquitetos e at\u00e9 de pessoas ligadas ao artista M\u00e1rio Cravo, criador da obra, de que a escultura do Cristo da Serra do Periperi estava necessitando de reparos na parte interna e externa, inclusive [&hellip;]<\/p>\n","protected":false},"author":3,"featured_media":0,"comment_status":"open","ping_status":"open","sticky":false,"template":"","format":"standard","meta":{"_links_to":"","_links_to_target":""},"categories":[5],"tags":[],"_links":{"self":[{"href":"https:\/\/www.aestrada.com.br\/v1\/wp-json\/wp\/v2\/posts\/9004"}],"collection":[{"href":"https:\/\/www.aestrada.com.br\/v1\/wp-json\/wp\/v2\/posts"}],"about":[{"href":"https:\/\/www.aestrada.com.br\/v1\/wp-json\/wp\/v2\/types\/post"}],"author":[{"embeddable":true,"href":"https:\/\/www.aestrada.com.br\/v1\/wp-json\/wp\/v2\/users\/3"}],"replies":[{"embeddable":true,"href":"https:\/\/www.aestrada.com.br\/v1\/wp-json\/wp\/v2\/comments?post=9004"}],"version-history":[{"count":1,"href":"https:\/\/www.aestrada.com.br\/v1\/wp-json\/wp\/v2\/posts\/9004\/revisions"}],"predecessor-version":[{"id":9006,"href":"https:\/\/www.aestrada.com.br\/v1\/wp-json\/wp\/v2\/posts\/9004\/revisions\/9006"}],"wp:attachment":[{"href":"https:\/\/www.aestrada.com.br\/v1\/wp-json\/wp\/v2\/media?parent=9004"}],"wp:term":[{"taxonomy":"category","embeddable":true,"href":"https:\/\/www.aestrada.com.br\/v1\/wp-json\/wp\/v2\/categories?post=9004"},{"taxonomy":"post_tag","embeddable":true,"href":"https:\/\/www.aestrada.com.br\/v1\/wp-json\/wp\/v2\/tags?post=9004"}],"curies":[{"name":"wp","href":"https:\/\/api.w.org\/{rel}","templated":true}]}}