{"id":8984,"date":"2024-01-04T22:55:22","date_gmt":"2024-01-05T01:55:22","guid":{"rendered":"https:\/\/www.aestrada.com.br\/v1\/?p=8984"},"modified":"2024-01-04T22:55:31","modified_gmt":"2024-01-05T01:55:31","slug":"de-todos-os-pontos","status":"publish","type":"post","link":"https:\/\/www.aestrada.com.br\/v1\/2024\/01\/04\/de-todos-os-pontos\/","title":{"rendered":"DE TODOS OS PONTOS"},"content":{"rendered":"<p><a href=\"https:\/\/www.aestrada.com.br\/v1\/wp-content\/uploads\/2024\/01\/DSC_7010-Copia-2.jpg\"><img loading=\"lazy\" class=\"aligncenter size-full wp-image-8985\" src=\"https:\/\/www.aestrada.com.br\/v1\/wp-content\/uploads\/2024\/01\/DSC_7010-Copia-2.jpg\" alt=\"\" width=\"550\" height=\"365\" srcset=\"https:\/\/www.aestrada.com.br\/v1\/wp-content\/uploads\/2024\/01\/DSC_7010-Copia-2.jpg 550w, https:\/\/www.aestrada.com.br\/v1\/wp-content\/uploads\/2024\/01\/DSC_7010-Copia-2-300x199.jpg 300w\" sizes=\"(max-width: 550px) 100vw, 550px\" \/><\/a><\/p>\n<p>Esta imagem \u00e9 um flagrante do alto da Serra do Periperi, exatamente do Cristo do artista M\u00e1rio Cravo, mas Vit\u00f3ria da Conquista talvez seja a \u00fanica cidade da Bahia e do Brasil que pode ser vista de quem est\u00e1 chegando \u00e0 cidade de todos os pontos cardeais: Do norte, sul, leste e oeste. Para quem ainda n\u00e3o percebeu, sua posi\u00e7\u00e3o geogr\u00e1fica \u00e9 privilegiada, situada por assim dizer dentro de uma bacia, a que eu a chamo de parab\u00f3lica. Logo que aqui cheguei, entre mar\u00e7o e abril de 1991, beirando os 33 anos, em pouco tempo notei esse aspecto que deixa qualquer um encantado. Por assim dizer, ainda era uma cidade pequena de pouco mais de 250 mil habitantes, passando a cerca de 400 mil neste per\u00edodo. Foi um crescimento espantoso e um dos maiores do Norte e Nordeste, mas sua infraestrutura em termos de demanda da popula\u00e7\u00e3o ainda deixa a desejar, principalmente na quest\u00e3o de mobilidade urbana (transportes p\u00fablicos) e \u00e1gua. Por ser uma capital do sudoeste baiano que abrange mais de 80 munic\u00edpios, outro problema que tende a ser agravar \u00e9 o tr\u00e2nsito se n\u00e3o forem feitas algumas interven\u00e7\u00f5es al\u00e9m do \u00f4nibus. H\u00e1 mais de 30 anos n\u00e3o havia engarrafamentos, o que j\u00e1 ocorre no centro da cidade e nas principais avenidas. As elei\u00e7\u00f5es municipais est\u00e3o batendo em nossa porta e vamos esperar as propostas dos candidatos sobre esses problemas quer s\u00e3o os principais de seus moradores, muitos dos quais vindos de outros lugares \u00e0 procura de uma vida melhor.<\/p>\n","protected":false},"excerpt":{"rendered":"<p>Esta imagem \u00e9 um flagrante do alto da Serra do Periperi, exatamente do Cristo do artista M\u00e1rio Cravo, mas Vit\u00f3ria da Conquista talvez seja a \u00fanica cidade da Bahia e do Brasil que pode ser vista de quem est\u00e1 chegando \u00e0 cidade de todos os pontos cardeais: Do norte, sul, leste e oeste. Para quem [&hellip;]<\/p>\n","protected":false},"author":3,"featured_media":0,"comment_status":"open","ping_status":"open","sticky":false,"template":"","format":"standard","meta":{"_links_to":"","_links_to_target":""},"categories":[5],"tags":[],"_links":{"self":[{"href":"https:\/\/www.aestrada.com.br\/v1\/wp-json\/wp\/v2\/posts\/8984"}],"collection":[{"href":"https:\/\/www.aestrada.com.br\/v1\/wp-json\/wp\/v2\/posts"}],"about":[{"href":"https:\/\/www.aestrada.com.br\/v1\/wp-json\/wp\/v2\/types\/post"}],"author":[{"embeddable":true,"href":"https:\/\/www.aestrada.com.br\/v1\/wp-json\/wp\/v2\/users\/3"}],"replies":[{"embeddable":true,"href":"https:\/\/www.aestrada.com.br\/v1\/wp-json\/wp\/v2\/comments?post=8984"}],"version-history":[{"count":1,"href":"https:\/\/www.aestrada.com.br\/v1\/wp-json\/wp\/v2\/posts\/8984\/revisions"}],"predecessor-version":[{"id":8986,"href":"https:\/\/www.aestrada.com.br\/v1\/wp-json\/wp\/v2\/posts\/8984\/revisions\/8986"}],"wp:attachment":[{"href":"https:\/\/www.aestrada.com.br\/v1\/wp-json\/wp\/v2\/media?parent=8984"}],"wp:term":[{"taxonomy":"category","embeddable":true,"href":"https:\/\/www.aestrada.com.br\/v1\/wp-json\/wp\/v2\/categories?post=8984"},{"taxonomy":"post_tag","embeddable":true,"href":"https:\/\/www.aestrada.com.br\/v1\/wp-json\/wp\/v2\/tags?post=8984"}],"curies":[{"name":"wp","href":"https:\/\/api.w.org\/{rel}","templated":true}]}}