{"id":8982,"date":"2024-01-04T22:51:16","date_gmt":"2024-01-05T01:51:16","guid":{"rendered":"https:\/\/www.aestrada.com.br\/v1\/?p=8982"},"modified":"2024-01-04T22:51:21","modified_gmt":"2024-01-05T01:51:21","slug":"conversa-pra-boi-dormir","status":"publish","type":"post","link":"https:\/\/www.aestrada.com.br\/v1\/2024\/01\/04\/conversa-pra-boi-dormir\/","title":{"rendered":"CONVERSA PRA BOI DORMIR"},"content":{"rendered":"<p>Autoria do jornalista e escritor Jeremias Mac\u00e1rio<\/p>\n<p>No paralelo do Devanir:<\/p>\n<p>Palavras v\u00e3s,<\/p>\n<p>\u00d4ba-\u00f4ba, bl\u00e1bl\u00e1bl\u00e1 e lero-lero:<\/p>\n<p>Cada qual com seus cl\u00e3s,<\/p>\n<p>Conversa fora,<\/p>\n<p>Do aqui e do agora,<\/p>\n<p>Ou conversa pra boi dormir.<\/p>\n<p>&nbsp;<\/p>\n<p>Prosa chata e ruim,<\/p>\n<p>Muito papo furado,<\/p>\n<p>Coisa de cavalo alado,<\/p>\n<p>Beb\u00ea de cegonha,<\/p>\n<p>Falta na cara, a vergonha,<\/p>\n<p>Pol\u00edtico corrupto e safado,<\/p>\n<p>Papai Noel de corcel,<\/p>\n<p>Natal de comes e bebes,<\/p>\n<p>Encher a pan\u00e7a, embriagar,<\/p>\n<p>V\u00e3o todos se lascar,<\/p>\n<p>No meu PIB da produ\u00e7\u00e3o,<\/p>\n<p>Do consumo \u00e0 polui\u00e7\u00e3o,<\/p>\n<p>Gente imbecil irracional,<\/p>\n<p>Animal bestial,<\/p>\n<p>Do profano ao crist\u00e3o,<\/p>\n<p>Mouros berberes isl\u00e3s,<\/p>\n<p>Seguidores com seus f\u00e3s,<\/p>\n<p>Assim fizeram a escravid\u00e3o,<\/p>\n<p>De negros e brancos,<\/p>\n<p>Com correntes, grilh\u00f5es e trancas,<\/p>\n<p>Nos troncos dos barrancos,<\/p>\n<p>Nas gal\u00e9s e navios por\u00f5es:<\/p>\n<p>\u00c9 a humanidade,<\/p>\n<p>Da usura insanidade,<\/p>\n<p>Autodestrui\u00e7\u00e3o,<\/p>\n<p>Que culpa seu Deus,<\/p>\n<p>De castigo e trai\u00e7\u00e3o,<\/p>\n<p>Loucura do existir,<\/p>\n<p>Conversa pra boi dormir.<\/p>\n","protected":false},"excerpt":{"rendered":"<p>Autoria do jornalista e escritor Jeremias Mac\u00e1rio No paralelo do Devanir: Palavras v\u00e3s, \u00d4ba-\u00f4ba, bl\u00e1bl\u00e1bl\u00e1 e lero-lero: Cada qual com seus cl\u00e3s, Conversa fora, Do aqui e do agora, Ou conversa pra boi dormir. &nbsp; Prosa chata e ruim, Muito papo furado, Coisa de cavalo alado, Beb\u00ea de cegonha, Falta na cara, a vergonha, Pol\u00edtico [&hellip;]<\/p>\n","protected":false},"author":3,"featured_media":0,"comment_status":"open","ping_status":"open","sticky":false,"template":"","format":"standard","meta":{"_links_to":"","_links_to_target":""},"categories":[6],"tags":[],"_links":{"self":[{"href":"https:\/\/www.aestrada.com.br\/v1\/wp-json\/wp\/v2\/posts\/8982"}],"collection":[{"href":"https:\/\/www.aestrada.com.br\/v1\/wp-json\/wp\/v2\/posts"}],"about":[{"href":"https:\/\/www.aestrada.com.br\/v1\/wp-json\/wp\/v2\/types\/post"}],"author":[{"embeddable":true,"href":"https:\/\/www.aestrada.com.br\/v1\/wp-json\/wp\/v2\/users\/3"}],"replies":[{"embeddable":true,"href":"https:\/\/www.aestrada.com.br\/v1\/wp-json\/wp\/v2\/comments?post=8982"}],"version-history":[{"count":1,"href":"https:\/\/www.aestrada.com.br\/v1\/wp-json\/wp\/v2\/posts\/8982\/revisions"}],"predecessor-version":[{"id":8983,"href":"https:\/\/www.aestrada.com.br\/v1\/wp-json\/wp\/v2\/posts\/8982\/revisions\/8983"}],"wp:attachment":[{"href":"https:\/\/www.aestrada.com.br\/v1\/wp-json\/wp\/v2\/media?parent=8982"}],"wp:term":[{"taxonomy":"category","embeddable":true,"href":"https:\/\/www.aestrada.com.br\/v1\/wp-json\/wp\/v2\/categories?post=8982"},{"taxonomy":"post_tag","embeddable":true,"href":"https:\/\/www.aestrada.com.br\/v1\/wp-json\/wp\/v2\/tags?post=8982"}],"curies":[{"name":"wp","href":"https:\/\/api.w.org\/{rel}","templated":true}]}}