{"id":8962,"date":"2023-12-28T23:21:08","date_gmt":"2023-12-29T02:21:08","guid":{"rendered":"https:\/\/www.aestrada.com.br\/v1\/?p=8962"},"modified":"2023-12-28T23:21:18","modified_gmt":"2023-12-29T02:21:18","slug":"so-de-luzes","status":"publish","type":"post","link":"https:\/\/www.aestrada.com.br\/v1\/2023\/12\/28\/so-de-luzes\/","title":{"rendered":"S\u00d3 DE LUZES"},"content":{"rendered":"<p><a href=\"https:\/\/www.aestrada.com.br\/v1\/wp-content\/uploads\/2023\/12\/DSC_6989.jpg\"><img loading=\"lazy\" class=\"aligncenter size-full wp-image-8963\" src=\"https:\/\/www.aestrada.com.br\/v1\/wp-content\/uploads\/2023\/12\/DSC_6989.jpg\" alt=\"\" width=\"550\" height=\"365\" srcset=\"https:\/\/www.aestrada.com.br\/v1\/wp-content\/uploads\/2023\/12\/DSC_6989.jpg 550w, https:\/\/www.aestrada.com.br\/v1\/wp-content\/uploads\/2023\/12\/DSC_6989-300x199.jpg 300w\" sizes=\"(max-width: 550px) 100vw, 550px\" \/><\/a><\/p>\n<p>Como nos anos passados, com shows e apresenta\u00e7\u00f5es de artistas, ternos de reis, quadrilhas e shows musicais no Espa\u00e7o Glauber Rocha, no Bairro Brasil, inclusive de renome nacional, neste ano, praticamente s\u00f3 tivemos um Natal de Luzes em Vit\u00f3ria da Conquista, na tradicional Pra\u00e7a Tancredo Neves, antiga Pra\u00e7a das Borboletas. No mais foram propagandas do poder executivo nos tel\u00f5es e apresenta\u00e7\u00f5es desorganizadas de artistas locais no pequeno palco da Pra\u00e7a da Bandeira, no centro comercial. No ano passado ainda ocorreram alguns eventos art\u00edsticos no Memorial Casa R\u00e9gis Pacheco porque o Conselho Municipal de Cultura liberou do seu Fundo 160 mil reais para realiza\u00e7\u00e3o de editais contemplando diversas linguagens. Neste ano de 2023 foi um total fracasso em termos de atividades culturais para o povo, conforme ressaltaram diversos artistas conquistenses. Houve at\u00e9 uma reclama\u00e7\u00e3o dos moradores em rela\u00e7\u00e3o ao \u201capag\u00e3o\u201d das luzes na Tancredo Neves, por volta das 23 horas, quando as pessoas estavam se divertindo no local com suas fam\u00edlias e crian\u00e7as. De acordo com artistas, o Natal deste ano foi um dos piores de todos os tempos. Tudo isso \u00e9 um sinal de que a nossa cultura foi abandonada em Conquista, o que \u00e9 uma vergonha para uma cidade de quase 400 mil habitantes e a terceira maior da Bahia. Cad\u00ea a reforma dos equipamentos culturais? Foi s\u00f3 um Natal de luzes e uns pingadinhos de pisca-piscas em alguns bairros, como na Lagoa das Bateias.<\/p>\n<p><a href=\"https:\/\/www.aestrada.com.br\/v1\/wp-content\/uploads\/2023\/12\/DSC_7001.jpg\"><img loading=\"lazy\" class=\"aligncenter size-full wp-image-8964\" src=\"https:\/\/www.aestrada.com.br\/v1\/wp-content\/uploads\/2023\/12\/DSC_7001.jpg\" alt=\"\" width=\"550\" height=\"365\" srcset=\"https:\/\/www.aestrada.com.br\/v1\/wp-content\/uploads\/2023\/12\/DSC_7001.jpg 550w, https:\/\/www.aestrada.com.br\/v1\/wp-content\/uploads\/2023\/12\/DSC_7001-300x199.jpg 300w\" sizes=\"(max-width: 550px) 100vw, 550px\" \/><\/a><\/p>\n","protected":false},"excerpt":{"rendered":"<p>Como nos anos passados, com shows e apresenta\u00e7\u00f5es de artistas, ternos de reis, quadrilhas e shows musicais no Espa\u00e7o Glauber Rocha, no Bairro Brasil, inclusive de renome nacional, neste ano, praticamente s\u00f3 tivemos um Natal de Luzes em Vit\u00f3ria da Conquista, na tradicional Pra\u00e7a Tancredo Neves, antiga Pra\u00e7a das Borboletas. No mais foram propagandas do [&hellip;]<\/p>\n","protected":false},"author":3,"featured_media":0,"comment_status":"open","ping_status":"open","sticky":false,"template":"","format":"standard","meta":{"_links_to":"","_links_to_target":""},"categories":[5],"tags":[],"_links":{"self":[{"href":"https:\/\/www.aestrada.com.br\/v1\/wp-json\/wp\/v2\/posts\/8962"}],"collection":[{"href":"https:\/\/www.aestrada.com.br\/v1\/wp-json\/wp\/v2\/posts"}],"about":[{"href":"https:\/\/www.aestrada.com.br\/v1\/wp-json\/wp\/v2\/types\/post"}],"author":[{"embeddable":true,"href":"https:\/\/www.aestrada.com.br\/v1\/wp-json\/wp\/v2\/users\/3"}],"replies":[{"embeddable":true,"href":"https:\/\/www.aestrada.com.br\/v1\/wp-json\/wp\/v2\/comments?post=8962"}],"version-history":[{"count":1,"href":"https:\/\/www.aestrada.com.br\/v1\/wp-json\/wp\/v2\/posts\/8962\/revisions"}],"predecessor-version":[{"id":8965,"href":"https:\/\/www.aestrada.com.br\/v1\/wp-json\/wp\/v2\/posts\/8962\/revisions\/8965"}],"wp:attachment":[{"href":"https:\/\/www.aestrada.com.br\/v1\/wp-json\/wp\/v2\/media?parent=8962"}],"wp:term":[{"taxonomy":"category","embeddable":true,"href":"https:\/\/www.aestrada.com.br\/v1\/wp-json\/wp\/v2\/categories?post=8962"},{"taxonomy":"post_tag","embeddable":true,"href":"https:\/\/www.aestrada.com.br\/v1\/wp-json\/wp\/v2\/tags?post=8962"}],"curies":[{"name":"wp","href":"https:\/\/api.w.org\/{rel}","templated":true}]}}