{"id":8733,"date":"2023-10-30T22:16:23","date_gmt":"2023-10-31T01:16:23","guid":{"rendered":"https:\/\/www.aestrada.com.br\/v1\/?p=8733"},"modified":"2023-10-30T22:16:32","modified_gmt":"2023-10-31T01:16:32","slug":"sarau-debateu-cultura-local","status":"publish","type":"post","link":"https:\/\/www.aestrada.com.br\/v1\/2023\/10\/30\/sarau-debateu-cultura-local\/","title":{"rendered":"SARAU DEBATEU CULTURA LOCAL"},"content":{"rendered":"<p>Pelo seu n\u00edvel como terceira maior cidade da Bahia com cerca de 400 mil habitantes, Vit\u00f3ria da Conquista ainda deixa muito a desejar em termos de pol\u00edtica cultural, hoje restrita ao S\u00e3o Jo\u00e3o e a Festa de Natal. Precisamos de um plano municipal a ser aprovado pelo legislativo de forma que a cidade tenha outras atividades que contemplem todas as linguagens art\u00edsticas durante todo o ano.<\/p>\n<p>Essas e outras quest\u00f5es foram debatidas na noite do \u00faltimo s\u00e1bado (dia 28\/10) pelo \u201cSarau A Estrada\u201d, no Espa\u00e7o Cultural que leva o mesmo nome. O evento teve como tema principal \u201cA Cultura Local\u201d com falas diversas sobre as origens e hist\u00f3ria da cidade, suas express\u00f5es culturais ao longo do tempo, religiosidade, personagens de destaque, evolu\u00e7\u00e3o e outros pontos, inclusive com rela\u00e7\u00e3o a data de anivers\u00e1rio de Conquista (9 de novembro a partir de 1840) que foi contestada por muitos.<\/p>\n<p><a href=\"https:\/\/www.aestrada.com.br\/v1\/wp-content\/uploads\/2023\/10\/DSC_6747.jpg\"><img loading=\"lazy\" class=\"aligncenter size-full wp-image-8734\" src=\"https:\/\/www.aestrada.com.br\/v1\/wp-content\/uploads\/2023\/10\/DSC_6747.jpg\" alt=\"\" width=\"550\" height=\"365\" srcset=\"https:\/\/www.aestrada.com.br\/v1\/wp-content\/uploads\/2023\/10\/DSC_6747.jpg 550w, https:\/\/www.aestrada.com.br\/v1\/wp-content\/uploads\/2023\/10\/DSC_6747-300x199.jpg 300w\" sizes=\"(max-width: 550px) 100vw, 550px\" \/><\/a><\/p>\n<p>Na verdade, Conquista tornou-se cidade emancipada politicamente atrav\u00e9s de decreto da Rep\u00fablica em 1\u00ba de junho de 1891com o nome de Cidade da Conquista, vindo depois a se chamar Vit\u00f3ria da Conquista, em 1943. A data de 9 de novembro de 1840 tem como ponto de partida a cria\u00e7\u00e3o de um Conselho para dirigir a Vila da Vict\u00f3ria (19\/04\/1840), s\u00f3 que a pequena popula\u00e7\u00e3o ainda era dependente juridicamente da comarca de Jacobina, depois de ter sido desmembrada de Caetit\u00e9 e Rio de Contas. Chegou at\u00e9 a um certo tempo estar ligada a Conde\u00faba.<\/p>\n<p>O jornalista e escritor Jeremias Mac\u00e1rio fez um hist\u00f3rico sobre a funda\u00e7\u00e3o da vila pelos colonizadores Jo\u00e3o da Silva Guimar\u00e3es e Jo\u00e3o Gon\u00e7alves da Costa depois de batalhas contra os \u00edndios imbor\u00e9s e mangoi\u00f3s no meado e final do s\u00e9culo XVIII quando aqui tamb\u00e9m estiveram na regi\u00e3o os capuchinhos italianos fazendo suas primeiras catequeses religiosas.<\/p>\n<p><a href=\"https:\/\/www.aestrada.com.br\/v1\/wp-content\/uploads\/2023\/10\/DSC_6748.jpg\"><img loading=\"lazy\" class=\"aligncenter size-full wp-image-8735\" src=\"https:\/\/www.aestrada.com.br\/v1\/wp-content\/uploads\/2023\/10\/DSC_6748.jpg\" alt=\"\" width=\"550\" height=\"365\" srcset=\"https:\/\/www.aestrada.com.br\/v1\/wp-content\/uploads\/2023\/10\/DSC_6748.jpg 550w, https:\/\/www.aestrada.com.br\/v1\/wp-content\/uploads\/2023\/10\/DSC_6748-300x199.jpg 300w\" sizes=\"(max-width: 550px) 100vw, 550px\" \/><\/a><\/p>\n<p>Mac\u00e1rio ainda pontuou a influ\u00eancia do jornalismo impresso na cultura da cidade, lembrando o seu come\u00e7o a partir de 1910\/11 com os jornais A Palavra e A Conquista, fundados por Bra\u00falio de Assis Borges e Jos\u00e9 Desouza Dantas quando a cidade tinha apenas cinco mil habitantes. Naquela \u00e9poca, at\u00e9 as d\u00e9cadas de 60 e 70, os jornais eram feitos por literatos, com espa\u00e7os reservados para a nossa cultura em geral. Foram citados ainda os jornais O Conquistanse (1916), A Palavra que tinha como um dos redatores o poeta e escritor Manuel Fernandes de Oliveira, o \u201cManeca Grosso\u201d, o Avante, de Bruno Bacelar de Oliveira, em 1931, na \u00e9poca da ditadura Vargas, O Sertanejo (1962), de Pedro Lopes Ferraz, que chegou a apoiar o regime da ditadura civil-militar de 1964, e O Combate, do grande escritor e poeta Laudionor Brasil, de linha cr\u00edtica contra o autoritarismo.<\/p>\n<p>Nesse tempo existia um grupo que movimentava a cultura de Vit\u00f3ria da Conquista, como Camilo de Jesus Lima, Carlos Jheov\u00e1, Traumaturgo, o pr\u00f3prio Laudionor,\u00a0 Erast\u00f3stenes Menezes dentre outros. No per\u00edodo ditatorial nossa cultura foi amorda\u00e7ada, mas uma coisa ficou clara nas discuss\u00f5es quanto ao papel do poder p\u00fablico municipal. O setor sempre foi tratado como coisa secund\u00e1ria e nunca se deu a devida aten\u00e7\u00e3o no sentido de elevar e apoiar as atividades culturais movidas pelos artistas locais.<\/p>\n<p><a href=\"https:\/\/www.aestrada.com.br\/v1\/wp-content\/uploads\/2023\/10\/DSC_6750.jpg\"><img loading=\"lazy\" class=\"aligncenter size-full wp-image-8736\" src=\"https:\/\/www.aestrada.com.br\/v1\/wp-content\/uploads\/2023\/10\/DSC_6750.jpg\" alt=\"\" width=\"550\" height=\"365\" srcset=\"https:\/\/www.aestrada.com.br\/v1\/wp-content\/uploads\/2023\/10\/DSC_6750.jpg 550w, https:\/\/www.aestrada.com.br\/v1\/wp-content\/uploads\/2023\/10\/DSC_6750-300x199.jpg 300w\" sizes=\"(max-width: 550px) 100vw, 550px\" \/><\/a><\/p>\n<p>Outro ponto de destaque foi a cria\u00e7\u00e3o da Universidade Estadual do Sudoeste da Bahia (Uesb), em 1980, como n\u00facleo de forma\u00e7\u00e3o escolar em n\u00edvel superior, expandindo o pensamento e o saber. O professor da Uesb, Itamar Aguiar, fez uma ampla explana\u00e7\u00e3o sobre a influ\u00eancia da religi\u00e3o em Vit\u00f3ria da Conquista, citando a chegada dos batistas, com sua primeira igreja na cidade, a expans\u00e3o dos evang\u00e9licos em geral, a forte presen\u00e7a dos terreiros de candombl\u00e9s, a Igreja Cat\u00f3lica, os ternos de reis e outras express\u00f5es populares.<\/p>\n<p>Atualmente v\u00e1rios grupos art\u00edsticos, como o audiovisual, a m\u00fasica e os escritores est\u00e3o se unindo em coletivos para dar mais voz \u00e0 nossa cultura, ainda carente de apoio p\u00fablico e privado. Esses grupos est\u00e3o sempre se reunindo para tra\u00e7ar estrat\u00e9gias de atua\u00e7\u00e3o e dar mais visibilidade ao setor.<\/p>\n<p><a href=\"https:\/\/www.aestrada.com.br\/v1\/wp-content\/uploads\/2023\/10\/DSC_6755.jpg\"><img loading=\"lazy\" class=\"aligncenter size-full wp-image-8737\" src=\"https:\/\/www.aestrada.com.br\/v1\/wp-content\/uploads\/2023\/10\/DSC_6755.jpg\" alt=\"\" width=\"550\" height=\"365\" srcset=\"https:\/\/www.aestrada.com.br\/v1\/wp-content\/uploads\/2023\/10\/DSC_6755.jpg 550w, https:\/\/www.aestrada.com.br\/v1\/wp-content\/uploads\/2023\/10\/DSC_6755-300x199.jpg 300w\" sizes=\"(max-width: 550px) 100vw, 550px\" \/><\/a><\/p>\n<p>Os historiadores Afonso Silvestre, L\u00eddia e outras pessoas como Manno Di Souza, que comandou a parte art\u00edstica com suas cantorias, ao lado do cantor Agnaldo Dias, intercalada com declama\u00e7\u00f5es de poesias e conta\u00e7\u00e3o de causos, Maris Stella e demais presentes, fizeram suas pontua\u00e7\u00f5es de ordem hist\u00f3rica e evolutiva da nossa cultura. No geral, todos cobraram maior participa\u00e7\u00e3o do poder p\u00fablico, reivindicando a reabertura dos equipamentos culturais e a cria\u00e7\u00e3o do plano municipal, especialmente agora com a realiza\u00e7\u00e3o da Confer\u00eancia de Cultura no in\u00edcio de outubro, cujo relat\u00f3rio ainda n\u00e3o foi divulgado publicamente pela Secretaria de Cultura, Esportes, Turismo e Lazer.<\/p>\n<p>No mais, a noite foi proveitosa num clima de confraterniza\u00e7\u00e3o, amizade, express\u00f5es culturais e troca de ideias entre os participantes. Os comes e bebes animaram o pessoal que varou a madrugada num saud\u00e1vel bate-papo e muita conversa. A anfitri\u00e3 Vandilza Silva Gon\u00e7alves nos brindou com um delicioso pato cozido. Marcaram, ainda presen\u00e7as, Adiram\u00e9lia Mendes, Nilde que ficaram encantadas com o sarau (primeiras visitas), Alex Rocha, Maria Luiza, T\u00falio Matos, Manuel Domingos, Luis Alt\u00e9rio, L\u00eddia Cunha, Di\u00f3 Ara\u00fajo, Odete Alves Maris Stella, Rose Santos Pereira, Denis e Jos\u00e9 Silva, Humberto, Ros\u00e2ngela, Armando, Arag\u00e3o, Maria Cleide, V\u00e2nia, Eliene (Liu), Jhesus, Dal Farias e Edna Brito.<\/p>\n<p><a href=\"https:\/\/www.aestrada.com.br\/v1\/wp-content\/uploads\/2023\/10\/DSC_6758.jpg\"><img loading=\"lazy\" class=\"aligncenter size-full wp-image-8738\" src=\"https:\/\/www.aestrada.com.br\/v1\/wp-content\/uploads\/2023\/10\/DSC_6758.jpg\" alt=\"\" width=\"550\" height=\"365\" srcset=\"https:\/\/www.aestrada.com.br\/v1\/wp-content\/uploads\/2023\/10\/DSC_6758.jpg 550w, https:\/\/www.aestrada.com.br\/v1\/wp-content\/uploads\/2023\/10\/DSC_6758-300x199.jpg 300w\" sizes=\"(max-width: 550px) 100vw, 550px\" \/><\/a><\/p>\n<p>Ainda sobre o sarau, Humberto parabenizou todos os participantes afirmando que o sucesso foi total. \u201cOs artistas revezaram-se com muito brilhantismo em suas respectivas \u00e1reas. Os palestrantes encantaram a todos durante o debate do tema central do evento, trazendo-nos momentos de aprendizagem e reflex\u00e3o. Os anfitri\u00f5es, como sempre receberam e atenderam a todos com a costumeira aten\u00e7\u00e3o\u201d.<\/p>\n<p>&nbsp;<\/p>\n<p>&nbsp;<\/p>\n","protected":false},"excerpt":{"rendered":"<p>Pelo seu n\u00edvel como terceira maior cidade da Bahia com cerca de 400 mil habitantes, Vit\u00f3ria da Conquista ainda deixa muito a desejar em termos de pol\u00edtica cultural, hoje restrita ao S\u00e3o Jo\u00e3o e a Festa de Natal. Precisamos de um plano municipal a ser aprovado pelo legislativo de forma que a cidade tenha outras [&hellip;]<\/p>\n","protected":false},"author":3,"featured_media":0,"comment_status":"open","ping_status":"open","sticky":false,"template":"","format":"standard","meta":{"_links_to":"","_links_to_target":""},"categories":[1],"tags":[],"_links":{"self":[{"href":"https:\/\/www.aestrada.com.br\/v1\/wp-json\/wp\/v2\/posts\/8733"}],"collection":[{"href":"https:\/\/www.aestrada.com.br\/v1\/wp-json\/wp\/v2\/posts"}],"about":[{"href":"https:\/\/www.aestrada.com.br\/v1\/wp-json\/wp\/v2\/types\/post"}],"author":[{"embeddable":true,"href":"https:\/\/www.aestrada.com.br\/v1\/wp-json\/wp\/v2\/users\/3"}],"replies":[{"embeddable":true,"href":"https:\/\/www.aestrada.com.br\/v1\/wp-json\/wp\/v2\/comments?post=8733"}],"version-history":[{"count":1,"href":"https:\/\/www.aestrada.com.br\/v1\/wp-json\/wp\/v2\/posts\/8733\/revisions"}],"predecessor-version":[{"id":8739,"href":"https:\/\/www.aestrada.com.br\/v1\/wp-json\/wp\/v2\/posts\/8733\/revisions\/8739"}],"wp:attachment":[{"href":"https:\/\/www.aestrada.com.br\/v1\/wp-json\/wp\/v2\/media?parent=8733"}],"wp:term":[{"taxonomy":"category","embeddable":true,"href":"https:\/\/www.aestrada.com.br\/v1\/wp-json\/wp\/v2\/categories?post=8733"},{"taxonomy":"post_tag","embeddable":true,"href":"https:\/\/www.aestrada.com.br\/v1\/wp-json\/wp\/v2\/tags?post=8733"}],"curies":[{"name":"wp","href":"https:\/\/api.w.org\/{rel}","templated":true}]}}