{"id":8572,"date":"2023-09-14T22:51:33","date_gmt":"2023-09-15T01:51:33","guid":{"rendered":"https:\/\/www.aestrada.com.br\/v1\/?p=8572"},"modified":"2023-09-14T22:51:56","modified_gmt":"2023-09-15T01:51:56","slug":"o-galo-cantou-errado-2","status":"publish","type":"post","link":"https:\/\/www.aestrada.com.br\/v1\/2023\/09\/14\/o-galo-cantou-errado-2\/","title":{"rendered":"O GALO CANTOU ERRADO"},"content":{"rendered":"<p>Autoria do jornalista e escritor Jeremias Mac\u00e1rio<\/p>\n<p>Pelas brenhas do meu ser\u00e3o,<\/p>\n<p>Ouvi causos e hist\u00f3rias,<\/p>\n<p>Sa\u00eddas de nossas mem\u00f3rias,<\/p>\n<p>De um maturo lavrador,<\/p>\n<p>Sem rel\u00f3gio e r\u00e1dio,<\/p>\n<p>Para seguir o divino hor\u00e1rio,<\/p>\n<p>Como no tempo templ\u00e1rio.<\/p>\n<p>&nbsp;<\/p>\n<p>Quase nada tinha,<\/p>\n<p>S\u00f3 suas cargas de farinha,<\/p>\n<p>Para vender na feira da cidade,<\/p>\n<p>No s\u00e1bado de madrugada.<\/p>\n<p>Acordou depressa atordoado,<\/p>\n<p>No primeiro estalo,<\/p>\n<p>Do canto do galo,<\/p>\n<p>Que cantou errado.<\/p>\n<p>&nbsp;<\/p>\n<p>Gritou bravo,<\/p>\n<p>Para o mirrado menino,<\/p>\n<p>Coisa de nordestino,<\/p>\n<p>Pra pegar os jumentos no pasto,<\/p>\n<p>E tocar a tropa na estrada,<\/p>\n<p>Para pagar seu gasto.<\/p>\n<p>&nbsp;<\/p>\n<p>Disse a mulher:<\/p>\n<p>Homem doido agoniado,<\/p>\n<p>S\u00f3 pode estar endiabrado,<\/p>\n<p>Esse galo cantou errado.<\/p>\n<p>&nbsp;<\/p>\n<p>L\u00e1 na frente, nem p\u00e9 de gente,<\/p>\n<p>Nem piava a cotovia,<\/p>\n<p>Onde o vizinho concorrente,<\/p>\n<p>Ainda calmo dormia,<\/p>\n<p>E foi a\u00ed que ele desconfiou,<\/p>\n<p>Que o galo cantou errado.<\/p>\n<p>&nbsp;<\/p>\n<p>No caminho s\u00f3 esbravejava,<\/p>\n<p>Passamos pelas ruas,<\/p>\n<p>Em meio \u00e0 escurid\u00e3o,<\/p>\n<p>E nada do dia clarear.<\/p>\n<p>No ch\u00e3o arriamos os sacos,<\/p>\n<p>Os couros pra dormir,<\/p>\n<p>E o feirante n\u00e3o parava,<\/p>\n<p>De cafangar<\/p>\n<p>Que ia jogar o galo na panela,<\/p>\n<p>Todo picado na gamela,<\/p>\n<p>Porque o danado cantou errado.<\/p>\n<p>&nbsp;<\/p>\n<p>O galo sabendo do acontecido,<\/p>\n<p>Para n\u00e3o ser degolado,<\/p>\n<p>Se enfiou no mato como rato,<\/p>\n<p>Porque cantou errado.<\/p>\n<p>&nbsp;<\/p>\n<p>Tudo \u00e9 pura verdade,<\/p>\n<p>Como prosa da antiguidade,<\/p>\n<p>N\u00e3o tem nada de engra\u00e7ado:<\/p>\n<p>O galo cantou errado.<\/p>\n","protected":false},"excerpt":{"rendered":"<p>Autoria do jornalista e escritor Jeremias Mac\u00e1rio Pelas brenhas do meu ser\u00e3o, Ouvi causos e hist\u00f3rias, Sa\u00eddas de nossas mem\u00f3rias, De um maturo lavrador, Sem rel\u00f3gio e r\u00e1dio, Para seguir o divino hor\u00e1rio, Como no tempo templ\u00e1rio. &nbsp; Quase nada tinha, S\u00f3 suas cargas de farinha, Para vender na feira da cidade, No s\u00e1bado de [&hellip;]<\/p>\n","protected":false},"author":3,"featured_media":0,"comment_status":"open","ping_status":"open","sticky":false,"template":"","format":"standard","meta":{"_links_to":"","_links_to_target":""},"categories":[6],"tags":[],"_links":{"self":[{"href":"https:\/\/www.aestrada.com.br\/v1\/wp-json\/wp\/v2\/posts\/8572"}],"collection":[{"href":"https:\/\/www.aestrada.com.br\/v1\/wp-json\/wp\/v2\/posts"}],"about":[{"href":"https:\/\/www.aestrada.com.br\/v1\/wp-json\/wp\/v2\/types\/post"}],"author":[{"embeddable":true,"href":"https:\/\/www.aestrada.com.br\/v1\/wp-json\/wp\/v2\/users\/3"}],"replies":[{"embeddable":true,"href":"https:\/\/www.aestrada.com.br\/v1\/wp-json\/wp\/v2\/comments?post=8572"}],"version-history":[{"count":1,"href":"https:\/\/www.aestrada.com.br\/v1\/wp-json\/wp\/v2\/posts\/8572\/revisions"}],"predecessor-version":[{"id":8573,"href":"https:\/\/www.aestrada.com.br\/v1\/wp-json\/wp\/v2\/posts\/8572\/revisions\/8573"}],"wp:attachment":[{"href":"https:\/\/www.aestrada.com.br\/v1\/wp-json\/wp\/v2\/media?parent=8572"}],"wp:term":[{"taxonomy":"category","embeddable":true,"href":"https:\/\/www.aestrada.com.br\/v1\/wp-json\/wp\/v2\/categories?post=8572"},{"taxonomy":"post_tag","embeddable":true,"href":"https:\/\/www.aestrada.com.br\/v1\/wp-json\/wp\/v2\/tags?post=8572"}],"curies":[{"name":"wp","href":"https:\/\/api.w.org\/{rel}","templated":true}]}}