{"id":8503,"date":"2023-08-24T21:56:48","date_gmt":"2023-08-25T00:56:48","guid":{"rendered":"https:\/\/www.aestrada.com.br\/v1\/?p=8503"},"modified":"2023-08-24T21:56:54","modified_gmt":"2023-08-25T00:56:54","slug":"no-bico-do-papagaio","status":"publish","type":"post","link":"https:\/\/www.aestrada.com.br\/v1\/2023\/08\/24\/no-bico-do-papagaio\/","title":{"rendered":"NO BICO DO PAPAGAIO"},"content":{"rendered":"<p>Autoria do escritor e jornalista Jeremias Mac\u00e1rio<\/p>\n<p>No Bico do Papagaio,<\/p>\n<p>Onde bate a chuva,<\/p>\n<p>O trov\u00e3o e o raio,<\/p>\n<p>A luta faz sua hora,<\/p>\n<p>E o tempo lento chora,<\/p>\n<p>Ai, ai, ai, ai, ai<\/p>\n<p>&nbsp;<\/p>\n<p>Da selva brota a guerrilha,<\/p>\n<p>L\u00e1 na regi\u00e3o do Araguaia,<\/p>\n<p>Goi\u00e1s, Maranh\u00e3o e Par\u00e1,<\/p>\n<p>Cada guerreiro em sua trilha,<\/p>\n<p>Da terra, companheiro,<\/p>\n<p>Com sua mente libert\u00e1ria,<\/p>\n<p>Contra a ditadura assassina,<\/p>\n<p>De botas tiranas brutais,<\/p>\n<p>Em plena Am\u00e9rica Latina,<\/p>\n<p>Dominada pelos generais.<\/p>\n<p>&nbsp;<\/p>\n<p>Os sessenta e nove idealistas,<\/p>\n<p>Marcharam com seus bornais,<\/p>\n<p>Na cren\u00e7a de uma vit\u00f3ria:<\/p>\n<p>Mudar a nossa hist\u00f3ria,<\/p>\n<p>Como nas cartas aos familiares:<\/p>\n<p>Saudades, amores e dores,<\/p>\n<p>Dos mortos desaparecidos,<\/p>\n<p>Que ficaram sem seus rituais.<\/p>\n<p>&nbsp;<\/p>\n<p>Eram mais de dez mil,<\/p>\n<p>Helic\u00f3ptero, metralhadora e fuzil,<\/p>\n<p>Cabe\u00e7as foram decepadas,<\/p>\n<p>Corpos esquartejados,<\/p>\n<p>Jogados no mar e nos rios,<\/p>\n<p>Insepultos sem lutos,<\/p>\n<p>Para apagar nossa mem\u00f3ria,<\/p>\n<p>Meu querido, minha querida!<\/p>\n<p>Do p\u00f3 continua aberta<\/p>\n<p>Nossa sofrida ferida,<\/p>\n<p>No Bico do Papagaio.<\/p>\n","protected":false},"excerpt":{"rendered":"<p>Autoria do escritor e jornalista Jeremias Mac\u00e1rio No Bico do Papagaio, Onde bate a chuva, O trov\u00e3o e o raio, A luta faz sua hora, E o tempo lento chora, Ai, ai, ai, ai, ai &nbsp; Da selva brota a guerrilha, L\u00e1 na regi\u00e3o do Araguaia, Goi\u00e1s, Maranh\u00e3o e Par\u00e1, Cada guerreiro em sua trilha, [&hellip;]<\/p>\n","protected":false},"author":3,"featured_media":0,"comment_status":"open","ping_status":"open","sticky":false,"template":"","format":"standard","meta":{"_links_to":"","_links_to_target":""},"categories":[6],"tags":[],"_links":{"self":[{"href":"https:\/\/www.aestrada.com.br\/v1\/wp-json\/wp\/v2\/posts\/8503"}],"collection":[{"href":"https:\/\/www.aestrada.com.br\/v1\/wp-json\/wp\/v2\/posts"}],"about":[{"href":"https:\/\/www.aestrada.com.br\/v1\/wp-json\/wp\/v2\/types\/post"}],"author":[{"embeddable":true,"href":"https:\/\/www.aestrada.com.br\/v1\/wp-json\/wp\/v2\/users\/3"}],"replies":[{"embeddable":true,"href":"https:\/\/www.aestrada.com.br\/v1\/wp-json\/wp\/v2\/comments?post=8503"}],"version-history":[{"count":1,"href":"https:\/\/www.aestrada.com.br\/v1\/wp-json\/wp\/v2\/posts\/8503\/revisions"}],"predecessor-version":[{"id":8504,"href":"https:\/\/www.aestrada.com.br\/v1\/wp-json\/wp\/v2\/posts\/8503\/revisions\/8504"}],"wp:attachment":[{"href":"https:\/\/www.aestrada.com.br\/v1\/wp-json\/wp\/v2\/media?parent=8503"}],"wp:term":[{"taxonomy":"category","embeddable":true,"href":"https:\/\/www.aestrada.com.br\/v1\/wp-json\/wp\/v2\/categories?post=8503"},{"taxonomy":"post_tag","embeddable":true,"href":"https:\/\/www.aestrada.com.br\/v1\/wp-json\/wp\/v2\/tags?post=8503"}],"curies":[{"name":"wp","href":"https:\/\/api.w.org\/{rel}","templated":true}]}}