{"id":5009,"date":"2020-09-25T00:41:10","date_gmt":"2020-09-25T03:41:10","guid":{"rendered":"http:\/\/www.aestrada.com.br\/v1\/?p=5009"},"modified":"2020-09-25T00:41:21","modified_gmt":"2020-09-25T03:41:21","slug":"tapa-na-cara","status":"publish","type":"post","link":"https:\/\/www.aestrada.com.br\/v1\/2020\/09\/25\/tapa-na-cara\/","title":{"rendered":"TAPA NA CARA"},"content":{"rendered":"<p>Poema de autoria do jornalista Jeremias Mac\u00e1rio<\/p>\n<p>Deixaram o corpo estirado na maca,<\/p>\n<p>No corredor de um sujo hospital,<\/p>\n<p>N\u00e3o ganhou nem o seu funeral,<\/p>\n<p>E eu, nem ao menos protestei,<\/p>\n<p>Por nos tratar como bruaca.<\/p>\n<p>&nbsp;<\/p>\n<p>Fizeram esculacho da nossa lei,<\/p>\n<p>Escarraram em minha cara,<\/p>\n<p>Nos surraram com reio e cai\u00e7ara,<\/p>\n<p>Na carne tremida pelo frio vento,<\/p>\n<p>Da urina fedida do cru cimento,<\/p>\n<p>E mais uma vez com tudo me calei.<\/p>\n<p>&nbsp;<\/p>\n<p>A noite pode at\u00e9 ser uma menina,<\/p>\n<p>Mas o dia \u00e9 uma ave de rapina,<\/p>\n<p>Entre chibatas nos espinha\u00e7os,<\/p>\n<p>E ra\u00e7\u00f5es nos tachos de mela\u00e7os,<\/p>\n<p>Lembram as \u00e9pocas da coivara,<\/p>\n<p>Que se acordava com tapa na cara.<\/p>\n<p>&nbsp;<\/p>\n<p>O tempo que amacia e suaviza,<\/p>\n<p>Tamb\u00e9m alisa e retalha a pele,<\/p>\n<p>Penetra e endurece as juntas,<\/p>\n<p>Torce e retorce o seu corpo,<\/p>\n<p>E nos faz andar lentamente,<\/p>\n<p>At\u00e9 nos deixar seco indiferente.<\/p>\n<p>&nbsp;<\/p>\n<p>&nbsp;<\/p>\n<p>&nbsp;<\/p>\n<p>&nbsp;<\/p>\n","protected":false},"excerpt":{"rendered":"<p>Poema de autoria do jornalista Jeremias Mac\u00e1rio Deixaram o corpo estirado na maca, No corredor de um sujo hospital, N\u00e3o ganhou nem o seu funeral, E eu, nem ao menos protestei, Por nos tratar como bruaca. &nbsp; Fizeram esculacho da nossa lei, Escarraram em minha cara, Nos surraram com reio e cai\u00e7ara, Na carne tremida [&hellip;]<\/p>\n","protected":false},"author":3,"featured_media":0,"comment_status":"open","ping_status":"open","sticky":false,"template":"","format":"standard","meta":{"_links_to":"","_links_to_target":""},"categories":[6],"tags":[],"_links":{"self":[{"href":"https:\/\/www.aestrada.com.br\/v1\/wp-json\/wp\/v2\/posts\/5009"}],"collection":[{"href":"https:\/\/www.aestrada.com.br\/v1\/wp-json\/wp\/v2\/posts"}],"about":[{"href":"https:\/\/www.aestrada.com.br\/v1\/wp-json\/wp\/v2\/types\/post"}],"author":[{"embeddable":true,"href":"https:\/\/www.aestrada.com.br\/v1\/wp-json\/wp\/v2\/users\/3"}],"replies":[{"embeddable":true,"href":"https:\/\/www.aestrada.com.br\/v1\/wp-json\/wp\/v2\/comments?post=5009"}],"version-history":[{"count":1,"href":"https:\/\/www.aestrada.com.br\/v1\/wp-json\/wp\/v2\/posts\/5009\/revisions"}],"predecessor-version":[{"id":5010,"href":"https:\/\/www.aestrada.com.br\/v1\/wp-json\/wp\/v2\/posts\/5009\/revisions\/5010"}],"wp:attachment":[{"href":"https:\/\/www.aestrada.com.br\/v1\/wp-json\/wp\/v2\/media?parent=5009"}],"wp:term":[{"taxonomy":"category","embeddable":true,"href":"https:\/\/www.aestrada.com.br\/v1\/wp-json\/wp\/v2\/categories?post=5009"},{"taxonomy":"post_tag","embeddable":true,"href":"https:\/\/www.aestrada.com.br\/v1\/wp-json\/wp\/v2\/tags?post=5009"}],"curies":[{"name":"wp","href":"https:\/\/api.w.org\/{rel}","templated":true}]}}