{"id":12351,"date":"2026-09-03T23:41:56","date_gmt":"2026-09-04T02:41:56","guid":{"rendered":"https:\/\/www.aestrada.com.br\/v1\/?p=12351"},"modified":"2026-09-03T23:42:29","modified_gmt":"2026-09-04T02:42:29","slug":"o-mau-exemplo-do-poder-publico","status":"publish","type":"post","link":"https:\/\/www.aestrada.com.br\/v1\/2026\/09\/03\/o-mau-exemplo-do-poder-publico\/","title":{"rendered":"O MAU EXEMPLO DO PODER P\u00daBLICO"},"content":{"rendered":"<p>O ACESSO MAIS HORR\u00cdVEL DE CONQUISTA<\/p>\n<p><a href=\"https:\/\/www.aestrada.com.br\/v1\/wp-content\/uploads\/2026\/09\/DSC_1640.jpg\"><img loading=\"lazy\" class=\"aligncenter size-full wp-image-12352\" src=\"https:\/\/www.aestrada.com.br\/v1\/wp-content\/uploads\/2026\/09\/DSC_1640.jpg\" alt=\"\" width=\"550\" height=\"365\" srcset=\"https:\/\/www.aestrada.com.br\/v1\/wp-content\/uploads\/2026\/09\/DSC_1640.jpg 550w, https:\/\/www.aestrada.com.br\/v1\/wp-content\/uploads\/2026\/09\/DSC_1640-300x199.jpg 300w\" sizes=\"(max-width: 550px) 100vw, 550px\" \/><\/a><\/p>\n<p><a href=\"https:\/\/www.aestrada.com.br\/v1\/wp-content\/uploads\/2026\/09\/DSC_1642.jpg\"><img loading=\"lazy\" class=\"aligncenter size-full wp-image-12353\" src=\"https:\/\/www.aestrada.com.br\/v1\/wp-content\/uploads\/2026\/09\/DSC_1642.jpg\" alt=\"\" width=\"550\" height=\"365\" srcset=\"https:\/\/www.aestrada.com.br\/v1\/wp-content\/uploads\/2026\/09\/DSC_1642.jpg 550w, https:\/\/www.aestrada.com.br\/v1\/wp-content\/uploads\/2026\/09\/DSC_1642-300x199.jpg 300w\" sizes=\"(max-width: 550px) 100vw, 550px\" \/><\/a><\/p>\n<p>Pouca gente tem percebido que a entrada e a sa\u00edda, ou seja, o acesso de Vit\u00f3ria da Conquista, cortando o Anel Vi\u00e1rio, em dire\u00e7\u00e3o a Anag\u00e9 e a Brumado, na boca do agreste do sert\u00e3o do sudoeste, \u00e9 o mais feio e passa uma p\u00e9ssima imagem ao visitante. N\u00e3o d\u00e1 para instalar ali uma placa de \u201cSeja Bem-Vindo\u201d. Seria at\u00e9 rid\u00edculo e motivo para piadas.<\/p>\n<p>Quem vem de Brumado e faz a rotat\u00f3ria do Anel e pega a avenida do mesmo nome se depara com sucatas, carros velhos enferrujados, lixo e entulhos de ambos os lados pr\u00f3ximos ao Atacad\u00e3o, principalmente de um grande terreno na faixa esquerda pertencente ao Governo do Estado da Bahia.<\/p>\n<p>Comentamos aqui sobre o problema dos lotes privados abandonados que se transformaram em matagais, lixeiras e s\u00e3o verdadeiros atentados \u00e0 sa\u00fade p\u00fablica. Cobramos uma fiscaliza\u00e7\u00e3o mais r\u00edgida por parte da Prefeitura Municipal no sentido de penalizar os propriet\u00e1rios que n\u00e3o cercam ou muram suas \u00e1reas.<\/p>\n<p><a href=\"https:\/\/www.aestrada.com.br\/v1\/wp-content\/uploads\/2026\/09\/DSC_1651.jpg\"><img loading=\"lazy\" class=\"aligncenter size-full wp-image-12354\" src=\"https:\/\/www.aestrada.com.br\/v1\/wp-content\/uploads\/2026\/09\/DSC_1651.jpg\" alt=\"\" width=\"550\" height=\"365\" srcset=\"https:\/\/www.aestrada.com.br\/v1\/wp-content\/uploads\/2026\/09\/DSC_1651.jpg 550w, https:\/\/www.aestrada.com.br\/v1\/wp-content\/uploads\/2026\/09\/DSC_1651-300x199.jpg 300w\" sizes=\"(max-width: 550px) 100vw, 550px\" \/><\/a><\/p>\n<p>O mau exemplo, no caso espec\u00edfico desse terreno abandonado na sa\u00edda de Conquista para Anag\u00e9 h\u00e1 muitos anos, vem justamente do poder p\u00fablico estadual. Trata-se de uma extensa \u00e1rea infestada de ferros velhos, entulhos, mato, lixos org\u00e2nicos e s\u00f3lidos, utilizada at\u00e9 para queima de fios para extra\u00e7\u00e3o de cobre. O local mete medo por quem transita por ali.<\/p>\n<p>Em determinados locais, o mau cheiro invade as resid\u00eancias ao lado do loteamento Sobradinho, cujos moradores sofrem com o barulho e a polui\u00e7\u00e3o de fuligens da \u201cSucata Esperan\u00e7a\u201d. Em frente ao terreno ainda existem duas empresas de reciclagem e muitos est\u00e3o denominando o local de \u201cRota do Lixo\u201d. Aqui ali est\u00e1 mais para matan\u00e7a do que esperan\u00e7a.<\/p>\n<p>Os moradores clamam por provid\u00eancias e reivindicam que o terreno seja beneficiado em prol da comunidade atrav\u00e9s da constru\u00e7\u00e3o de casas populares, uma pra\u00e7a de lazer e entretenimento, escola, posto de sa\u00fade ou outros equipamentos, oferecendo outro visual \u00e0 entrada da cidade.<\/p>\n<p>Quando aqui cheguei, h\u00e1 35 anos, este terreno j\u00e1 existia e continua l\u00e1 sem nenhuma serventia, a n\u00e3o ser como dep\u00f3sito de lixos de toda esp\u00e9cie e estacionamento para caminh\u00f5es da Sucata que se tornou num inferno para os habitantes das redondezas.<\/p>\n<p><a href=\"https:\/\/www.aestrada.com.br\/v1\/wp-content\/uploads\/2026\/09\/DSC_1650.jpg\"><img loading=\"lazy\" class=\"aligncenter size-full wp-image-12355\" src=\"https:\/\/www.aestrada.com.br\/v1\/wp-content\/uploads\/2026\/09\/DSC_1650.jpg\" alt=\"\" width=\"550\" height=\"365\" srcset=\"https:\/\/www.aestrada.com.br\/v1\/wp-content\/uploads\/2026\/09\/DSC_1650.jpg 550w, https:\/\/www.aestrada.com.br\/v1\/wp-content\/uploads\/2026\/09\/DSC_1650-300x199.jpg 300w\" sizes=\"(max-width: 550px) 100vw, 550px\" \/><\/a><\/p>\n<p>Nossas lentes flagraram um absurdo que viola a legisla\u00e7\u00e3o brasileira no que diz respeito \u00e0 preserva\u00e7\u00e3o do meio ambiente e o desrespeito \u00e0s pessoas que s\u00e3o obrigadas a viver dentro da sujeira em meio a ratos, cobras, escorpi\u00f5es, mosquitos da dengue e todo tipo de insetos.<\/p>\n<p>Sem d\u00favida, \u00e9 o acesso mais horr\u00edvel de Conquista, por muitos chamada de a \u201cSu\u00ed\u00e7a \u00b4Baiana\u201d.\u00a0 Pelo visto, diante do \u00a0aspecto do terreno abandonado, est\u00e1 mais para \u201cHaiti\u201d. A terceira maior cidade da Bahia, com cerca de 400 mil habitantes, n\u00e3o merece isso.<\/p>\n<p><a href=\"https:\/\/www.aestrada.com.br\/v1\/wp-content\/uploads\/2026\/09\/DSC_1671.jpg\"><img loading=\"lazy\" class=\"aligncenter size-full wp-image-12356\" src=\"https:\/\/www.aestrada.com.br\/v1\/wp-content\/uploads\/2026\/09\/DSC_1671.jpg\" alt=\"\" width=\"550\" height=\"365\" srcset=\"https:\/\/www.aestrada.com.br\/v1\/wp-content\/uploads\/2026\/09\/DSC_1671.jpg 550w, https:\/\/www.aestrada.com.br\/v1\/wp-content\/uploads\/2026\/09\/DSC_1671-300x199.jpg 300w\" sizes=\"(max-width: 550px) 100vw, 550px\" \/><\/a><\/p>\n<p><a href=\"https:\/\/www.aestrada.com.br\/v1\/wp-content\/uploads\/2026\/09\/DSC_1689.jpg\"><img loading=\"lazy\" class=\"aligncenter size-full wp-image-12357\" src=\"https:\/\/www.aestrada.com.br\/v1\/wp-content\/uploads\/2026\/09\/DSC_1689.jpg\" alt=\"\" width=\"550\" height=\"365\" srcset=\"https:\/\/www.aestrada.com.br\/v1\/wp-content\/uploads\/2026\/09\/DSC_1689.jpg 550w, https:\/\/www.aestrada.com.br\/v1\/wp-content\/uploads\/2026\/09\/DSC_1689-300x199.jpg 300w\" sizes=\"(max-width: 550px) 100vw, 550px\" \/><\/a><\/p>\n","protected":false},"excerpt":{"rendered":"<p>O ACESSO MAIS HORR\u00cdVEL DE CONQUISTA Pouca gente tem percebido que a entrada e a sa\u00edda, ou seja, o acesso de Vit\u00f3ria da Conquista, cortando o Anel Vi\u00e1rio, em dire\u00e7\u00e3o a Anag\u00e9 e a Brumado, na boca do agreste do sert\u00e3o do sudoeste, \u00e9 o mais feio e passa uma p\u00e9ssima imagem ao visitante. N\u00e3o [&hellip;]<\/p>\n","protected":false},"author":3,"featured_media":0,"comment_status":"open","ping_status":"open","sticky":false,"template":"","format":"standard","meta":{"_links_to":"","_links_to_target":""},"categories":[5],"tags":[],"_links":{"self":[{"href":"https:\/\/www.aestrada.com.br\/v1\/wp-json\/wp\/v2\/posts\/12351"}],"collection":[{"href":"https:\/\/www.aestrada.com.br\/v1\/wp-json\/wp\/v2\/posts"}],"about":[{"href":"https:\/\/www.aestrada.com.br\/v1\/wp-json\/wp\/v2\/types\/post"}],"author":[{"embeddable":true,"href":"https:\/\/www.aestrada.com.br\/v1\/wp-json\/wp\/v2\/users\/3"}],"replies":[{"embeddable":true,"href":"https:\/\/www.aestrada.com.br\/v1\/wp-json\/wp\/v2\/comments?post=12351"}],"version-history":[{"count":1,"href":"https:\/\/www.aestrada.com.br\/v1\/wp-json\/wp\/v2\/posts\/12351\/revisions"}],"predecessor-version":[{"id":12358,"href":"https:\/\/www.aestrada.com.br\/v1\/wp-json\/wp\/v2\/posts\/12351\/revisions\/12358"}],"wp:attachment":[{"href":"https:\/\/www.aestrada.com.br\/v1\/wp-json\/wp\/v2\/media?parent=12351"}],"wp:term":[{"taxonomy":"category","embeddable":true,"href":"https:\/\/www.aestrada.com.br\/v1\/wp-json\/wp\/v2\/categories?post=12351"},{"taxonomy":"post_tag","embeddable":true,"href":"https:\/\/www.aestrada.com.br\/v1\/wp-json\/wp\/v2\/tags?post=12351"}],"curies":[{"name":"wp","href":"https:\/\/api.w.org\/{rel}","templated":true}]}}