{"id":12349,"date":"2026-09-03T23:31:07","date_gmt":"2026-09-04T02:31:07","guid":{"rendered":"https:\/\/www.aestrada.com.br\/v1\/?p=12349"},"modified":"2026-09-03T23:31:18","modified_gmt":"2026-09-04T02:31:18","slug":"sons-da-caatinga","status":"publish","type":"post","link":"https:\/\/www.aestrada.com.br\/v1\/2026\/09\/03\/sons-da-caatinga\/","title":{"rendered":"SONS DA CAATINGA"},"content":{"rendered":"<p>Poema de autoria do jornalista e escritor Jeremias Mac\u00e1rio<\/p>\n<p>O vento aqui bate,<\/p>\n<p>E o tempo parece parar,<\/p>\n<p>Como sumi\u00e7o de poeira no ar,<\/p>\n<p>Rodopiando meu sert\u00e3o;<\/p>\n<p>Bem longe o cachorro late,<\/p>\n<p>Atr\u00e1s da ca\u00e7a do ca\u00e7ador,<\/p>\n<p>Na lamentosa cantiga,<\/p>\n<p>Como aboio do vaqueiro pe\u00e3o,<\/p>\n<p>Tocando os sons da caatinga,<\/p>\n<p>Desta nordestina na\u00e7\u00e3o.<\/p>\n<p>&nbsp;<\/p>\n<p>Sons da caatinga,<\/p>\n<p>Sem igual no mundo,<\/p>\n<p>Com seu mist\u00e9rio profundo.<\/p>\n<p>&nbsp;<\/p>\n<p>Tem o som da cascavel,<\/p>\n<p>Da folha seca caindo no ch\u00e3o,<\/p>\n<p>Da rezadeira com seu v\u00e9u,<\/p>\n<p>Do messi\u00e2nico pregando a f\u00e9,<\/p>\n<p>O ritmo do xaxado e do bai\u00e3o,<\/p>\n<p>O reisado e o forr\u00f3 arrasta-p\u00e9.<\/p>\n<p>&nbsp;<\/p>\n<p>Tem o berro do boi no baga\u00e7o,<\/p>\n<p>O chiado do carcar\u00e1-gavi\u00e3o,<\/p>\n<p>O estalo das alpercatas no canga\u00e7o,<\/p>\n<p>A bala zunindo do cangaceiro,<\/p>\n<p>O calango fugindo da seca,<\/p>\n<p>E a poesia do cancioneiro.<\/p>\n<p>&nbsp;<\/p>\n<p>Tem o rastejar da lagartixa,<\/p>\n<p>Na rede, o ronco da pregui\u00e7a,<\/p>\n<p>O balan\u00e7o do umbuzeiro,<\/p>\n<p>O cantar do Assum-Preto,<\/p>\n<p>O agouro rasgado da cau\u00e3,<\/p>\n<p>Na chuva, o floral aguaceiro,<\/p>\n<p>A cigarra no ver\u00e3o da quixabeira,<\/p>\n<p>O colibri beijando a aroeira,<\/p>\n<p>A tosse da fome t\u00edsica,<\/p>\n<p>Do fac\u00e3o saindo fa\u00edsca,<\/p>\n<p>S\u00e3o sons da caatinga,<\/p>\n<p>Com sua magia e mandinga.<\/p>\n","protected":false},"excerpt":{"rendered":"<p>Poema de autoria do jornalista e escritor Jeremias Mac\u00e1rio O vento aqui bate, E o tempo parece parar, Como sumi\u00e7o de poeira no ar, Rodopiando meu sert\u00e3o; Bem longe o cachorro late, Atr\u00e1s da ca\u00e7a do ca\u00e7ador, Na lamentosa cantiga, Como aboio do vaqueiro pe\u00e3o, Tocando os sons da caatinga, Desta nordestina na\u00e7\u00e3o. &nbsp; Sons [&hellip;]<\/p>\n","protected":false},"author":3,"featured_media":0,"comment_status":"open","ping_status":"open","sticky":false,"template":"","format":"standard","meta":{"_links_to":"","_links_to_target":""},"categories":[6],"tags":[],"_links":{"self":[{"href":"https:\/\/www.aestrada.com.br\/v1\/wp-json\/wp\/v2\/posts\/12349"}],"collection":[{"href":"https:\/\/www.aestrada.com.br\/v1\/wp-json\/wp\/v2\/posts"}],"about":[{"href":"https:\/\/www.aestrada.com.br\/v1\/wp-json\/wp\/v2\/types\/post"}],"author":[{"embeddable":true,"href":"https:\/\/www.aestrada.com.br\/v1\/wp-json\/wp\/v2\/users\/3"}],"replies":[{"embeddable":true,"href":"https:\/\/www.aestrada.com.br\/v1\/wp-json\/wp\/v2\/comments?post=12349"}],"version-history":[{"count":1,"href":"https:\/\/www.aestrada.com.br\/v1\/wp-json\/wp\/v2\/posts\/12349\/revisions"}],"predecessor-version":[{"id":12350,"href":"https:\/\/www.aestrada.com.br\/v1\/wp-json\/wp\/v2\/posts\/12349\/revisions\/12350"}],"wp:attachment":[{"href":"https:\/\/www.aestrada.com.br\/v1\/wp-json\/wp\/v2\/media?parent=12349"}],"wp:term":[{"taxonomy":"category","embeddable":true,"href":"https:\/\/www.aestrada.com.br\/v1\/wp-json\/wp\/v2\/categories?post=12349"},{"taxonomy":"post_tag","embeddable":true,"href":"https:\/\/www.aestrada.com.br\/v1\/wp-json\/wp\/v2\/tags?post=12349"}],"curies":[{"name":"wp","href":"https:\/\/api.w.org\/{rel}","templated":true}]}}