{"id":12344,"date":"2026-09-01T22:42:41","date_gmt":"2026-09-02T01:42:41","guid":{"rendered":"https:\/\/www.aestrada.com.br\/v1\/?p=12344"},"modified":"2026-09-01T22:43:16","modified_gmt":"2026-09-02T01:43:16","slug":"sessao-vai-homenagear-a-acl","status":"publish","type":"post","link":"https:\/\/www.aestrada.com.br\/v1\/2026\/09\/01\/sessao-vai-homenagear-a-acl\/","title":{"rendered":"SESS\u00c3O VAI HOMENAGEAR A ACL"},"content":{"rendered":"<h3>\u00a0Nesta quarta-feira (dia 02\/09\/2026), a partir das nove horas, a C\u00e2mara Municipal de Vereadores de Vit\u00f3ria da Conquista vai realizar uma sess\u00e3o ordin\u00e1ria mista para homenagear os 46 anos da Academia Conquistense de Letras-ACL, fundada em 03 de setembro de 1980.<\/h3>\n<h3>\u00a0\u00a0 Durante o evento, o legislativo ainda vai discutir diversas pautas de interesse da popula\u00e7\u00e3o nas \u00e1reas da educa\u00e7\u00e3o, do meio ambiente, da sa\u00fade, infraestrutura, dentre outros projetos enviados pelo poder executivo.<\/h3>\n<h3>\u00a0\u00a0 Naquela \u00e9poca em que a Academia foi criada, Conquista vivia uma efervesc\u00eancia cultural, embora o pa\u00eds ainda estivesse vivendo num regime militar j\u00e1 em decad\u00eancia, com pedidos de elei\u00e7\u00f5es diretas e retorno \u00e0 democracia ap\u00f3s a decreta\u00e7\u00e3o da anistia geral e irrestrita, em 1979.<\/h3>\n<h3>\u00a0\u00a0 A entidade cultural foi institu\u00edda por um grupo de intelectuais, com o objetivo de preservar a mem\u00f3ria, incentivar a leitura e fortalecer a produ\u00e7\u00e3o liter\u00e1ria e cultural da regi\u00e3o, passando a funcionar numa sala cedida pelo Centro de Cultura Camilo de Jesus Lima.<\/h3>\n<h3>\u00a0\u00a0\u00a0 Naquele mesmo ano de 1980, a antiga Faculdade de Forma\u00e7\u00e3o de Professores passou a ser a Universidade Estadual do Sudoeste da Bahia-Uesb, que ajudou a consolidar o ensino superior e a vida intelectual da regi\u00e3o, um marco na hist\u00f3ria da educa\u00e7\u00e3o conquistense.<\/h3>\n<h3>\u00a0\u00a0 Nesses 46 anos de exist\u00eancia, a institui\u00e7\u00e3o congregou nomes expressivos da cultura regional, como Heleusa C\u00e2mara (primeira presidente mulher), Nilton Gon\u00e7alves, Carlos Jheovah, Ricardo Benedictis, Evandro Gomes de Brito, Erath\u00f3sthenes Menezes, Mozart Tanajura, dentre outros.<\/h3>\n<h3>\u00a0 Nas comemora\u00e7\u00f5es dos seus 45 anos, em 2025, a ACL renovou seus quadros recebendo novos artistas como membros, com o prop\u00f3sito de incentivar a arte, com destaque para o poeta, cantor, m\u00fasico e compositor Eug\u00eanio Avelino (Xangai), ex-secret\u00e1rio de Cultura do Munic\u00edpio.<\/h3>\n<h3>\u00a0 Na ocasi\u00e3o, a ex-presidente Elvarlinda Jardim ressaltou o valor especial da posse dos novos acad\u00eamicos. Xangai chegou a receber o reconhecimento por sua atua\u00e7\u00e3o, por exemplo, com o Pr\u00eamio Sharp de 1997 de melhor disco com \u201cQu\u00e9 Qui Tu Tem Can\u00e1rio\u201d e o Pr\u00eamio M\u00fasica Brasileira de melhor cantor regional, em 2016. O artista passou a ocupar a 37\u00aa Cadeira da ACL, que representa simbolicamente seu patrono, o poeta Carlos Drummond de Andrade.<\/h3>\n<h3>\u00a0\u00a0\u00a0 Os presidentes sempre buscaram um espa\u00e7o f\u00edsico definitivo para sediar a ACL, e agora, mediante articula\u00e7\u00f5es pol\u00edticas, ela passar\u00e1 em breve a funcionar no pr\u00e9dio do hist\u00f3rico Solar dos Ferraz, tendo como atual presidente o acad\u00eamico Valmir Henrique de Ara\u00fajo.<\/h3>\n<h3><\/h3>\n","protected":false},"excerpt":{"rendered":"<p>\u00a0Nesta quarta-feira (dia 02\/09\/2026), a partir das nove horas, a C\u00e2mara Municipal de Vereadores de Vit\u00f3ria da Conquista vai realizar uma sess\u00e3o ordin\u00e1ria mista para homenagear os 46 anos da Academia Conquistense de Letras-ACL, fundada em 03 de setembro de 1980. \u00a0\u00a0 Durante o evento, o legislativo ainda vai discutir diversas pautas de interesse da [&hellip;]<\/p>\n","protected":false},"author":3,"featured_media":0,"comment_status":"open","ping_status":"open","sticky":false,"template":"","format":"standard","meta":{"_links_to":"","_links_to_target":""},"categories":[1],"tags":[],"_links":{"self":[{"href":"https:\/\/www.aestrada.com.br\/v1\/wp-json\/wp\/v2\/posts\/12344"}],"collection":[{"href":"https:\/\/www.aestrada.com.br\/v1\/wp-json\/wp\/v2\/posts"}],"about":[{"href":"https:\/\/www.aestrada.com.br\/v1\/wp-json\/wp\/v2\/types\/post"}],"author":[{"embeddable":true,"href":"https:\/\/www.aestrada.com.br\/v1\/wp-json\/wp\/v2\/users\/3"}],"replies":[{"embeddable":true,"href":"https:\/\/www.aestrada.com.br\/v1\/wp-json\/wp\/v2\/comments?post=12344"}],"version-history":[{"count":1,"href":"https:\/\/www.aestrada.com.br\/v1\/wp-json\/wp\/v2\/posts\/12344\/revisions"}],"predecessor-version":[{"id":12345,"href":"https:\/\/www.aestrada.com.br\/v1\/wp-json\/wp\/v2\/posts\/12344\/revisions\/12345"}],"wp:attachment":[{"href":"https:\/\/www.aestrada.com.br\/v1\/wp-json\/wp\/v2\/media?parent=12344"}],"wp:term":[{"taxonomy":"category","embeddable":true,"href":"https:\/\/www.aestrada.com.br\/v1\/wp-json\/wp\/v2\/categories?post=12344"},{"taxonomy":"post_tag","embeddable":true,"href":"https:\/\/www.aestrada.com.br\/v1\/wp-json\/wp\/v2\/tags?post=12344"}],"curies":[{"name":"wp","href":"https:\/\/api.w.org\/{rel}","templated":true}]}}