{"id":11885,"date":"2026-04-29T22:40:58","date_gmt":"2026-04-30T01:40:58","guid":{"rendered":"https:\/\/www.aestrada.com.br\/v1\/?p=11885"},"modified":"2026-04-29T22:41:08","modified_gmt":"2026-04-30T01:41:08","slug":"a-caatinga-e-magica-e-misteriosa","status":"publish","type":"post","link":"https:\/\/www.aestrada.com.br\/v1\/2026\/04\/29\/a-caatinga-e-magica-e-misteriosa\/","title":{"rendered":"A CAATINGA \u00c9 M\u00c1GICA E MISTERIOSA"},"content":{"rendered":"<h3><strong>HOMENAGEM AO DIA NACIONAL DA CAATINGA<\/strong><\/h3>\n<h3><strong>\u00a0 Quando falamos da caatinga, logo nos lembramos do Nordeste, do homem retirante do seu torr\u00e3o natal para fugir das secas, do rei do Bai\u00e3o, Luiz Gonzaga, com suas can\u00e7\u00f5es, de Patativa do Assar\u00e9, de Catulo Cearense, da lua enluarada, dos grandes cancioneiros, trovadores e repentistas, de Lampi\u00e3o, dos cangaceiros nos embates e cortando espinhos para fugir das volantes, da marcha de Luis Carlos Prestes e da terra \u00e1rida.<\/strong><\/h3>\n<h3><strong>\u00a0A caatinga tamb\u00e9m nos faz lembrar do isolamento da sua gente durante s\u00e9culos, dos coron\u00e9is opressores dos oprimidos, dos grileiros da terra, dos chefes pol\u00edticos mandat\u00e1rios, dos jagun\u00e7os e pistoleiros, das hom\u00e9ricas brigas entre as fam\u00edlias, das injusti\u00e7as sociais contra o povo, do misticismo, das crendices e messianismo religioso, do homem forte e valente e at\u00e9 do sangue jorrando das vingan\u00e7as.<\/strong><\/h3>\n<h3><strong>\u00a0 Voc\u00ea \u00e9 \u00fanica e n\u00e3o est\u00e1 em nenhum outro lugar, mas tamb\u00e9m tem suas subdivis\u00f5es, suas caracter\u00edsticas pr\u00f3prias, \u00e1s vezes mais agreste, fechada, mais rala, com \u00e1rvores baixas e outras altas e at\u00e9 pedregulhosa, com suas colinas, morros e um p\u00f4r-do-sol encantador, po\u00e9tico e sublime.<\/strong><\/h3>\n<h3><strong>\u00a0 Ah minha caatinga onde nasci e me sinto com orgulho em ser seu filho legitimo! Voc\u00ea \u00e9 m\u00e1gica e guarda seus mist\u00e9rios, lendas e mitos, cinzenta nas secas e florida nas chuvas, quando de si exala o cheiro da terra. Nas aguadas, a flora d\u00e1 sua flor e a bicharada faz sua festa. Voc\u00ea \u00e9 a \u00fanica no mundo onde o sertanejo \u00e9 o desbravador, valente e destemido.<\/strong><\/h3>\n<h3><strong>\u00a0 Dia 28 de abril \u00e9 comemorado o Dia Nacional da Caatinga, institu\u00edda para conscientizar sobre sua preserva\u00e7\u00e3o, mas, infelizmente, continua sendo devastada e, em alguns lugares, se tornou des\u00e9rtica onde a terra vira sal.<\/strong><\/h3>\n<h3><strong>Seu nome, do tupi-guarani, significa mata-branca, devido a cor da vegeta\u00e7\u00e3o durante as estiagens. Possui mais de cinco mil esp\u00e9cies diferentes e exclusivas. L\u00e1 est\u00e3o o juazeiro, a jurema, o umbuzeiro, que gera o saboroso fruto e \u00e1gua de suas ra\u00edses, a macambira, a bara\u00fana, a aroeira-do-sert\u00e3o, o angico, a catingueira, a barriguda, a quixabeira, a palma, o cacto e o imponente mandacaru, o mais resistente e s\u00edmbolo da regi\u00e3o.\u00a0 \u00a0\u00a0<\/strong><\/h3>\n<h3><strong>\u00a0 O dia tamb\u00e9m foi criado para homenagear o professor e ambientalista Jo\u00e3o Vasconcelos Sobrinho, pioneiro nos estudos ecol\u00f3gicos no Brasil. Pena que atualmente, conforme as pesquisas, tem sido o bioma onde mais se desmata e o que mais perde sua vegeta\u00e7\u00e3o, mas \u00e9 nordestina com todo seu potencial cultural que encanta o Brasil e o mundo. \u00a0\u00a0\u00a0\u00a0\u00a0\u00a0<\/strong><\/h3>\n","protected":false},"excerpt":{"rendered":"<p>HOMENAGEM AO DIA NACIONAL DA CAATINGA \u00a0 Quando falamos da caatinga, logo nos lembramos do Nordeste, do homem retirante do seu torr\u00e3o natal para fugir das secas, do rei do Bai\u00e3o, Luiz Gonzaga, com suas can\u00e7\u00f5es, de Patativa do Assar\u00e9, de Catulo Cearense, da lua enluarada, dos grandes cancioneiros, trovadores e repentistas, de Lampi\u00e3o, dos [&hellip;]<\/p>\n","protected":false},"author":3,"featured_media":0,"comment_status":"open","ping_status":"open","sticky":false,"template":"","format":"standard","meta":{"_links_to":"","_links_to_target":""},"categories":[1],"tags":[],"_links":{"self":[{"href":"https:\/\/www.aestrada.com.br\/v1\/wp-json\/wp\/v2\/posts\/11885"}],"collection":[{"href":"https:\/\/www.aestrada.com.br\/v1\/wp-json\/wp\/v2\/posts"}],"about":[{"href":"https:\/\/www.aestrada.com.br\/v1\/wp-json\/wp\/v2\/types\/post"}],"author":[{"embeddable":true,"href":"https:\/\/www.aestrada.com.br\/v1\/wp-json\/wp\/v2\/users\/3"}],"replies":[{"embeddable":true,"href":"https:\/\/www.aestrada.com.br\/v1\/wp-json\/wp\/v2\/comments?post=11885"}],"version-history":[{"count":1,"href":"https:\/\/www.aestrada.com.br\/v1\/wp-json\/wp\/v2\/posts\/11885\/revisions"}],"predecessor-version":[{"id":11886,"href":"https:\/\/www.aestrada.com.br\/v1\/wp-json\/wp\/v2\/posts\/11885\/revisions\/11886"}],"wp:attachment":[{"href":"https:\/\/www.aestrada.com.br\/v1\/wp-json\/wp\/v2\/media?parent=11885"}],"wp:term":[{"taxonomy":"category","embeddable":true,"href":"https:\/\/www.aestrada.com.br\/v1\/wp-json\/wp\/v2\/categories?post=11885"},{"taxonomy":"post_tag","embeddable":true,"href":"https:\/\/www.aestrada.com.br\/v1\/wp-json\/wp\/v2\/tags?post=11885"}],"curies":[{"name":"wp","href":"https:\/\/api.w.org\/{rel}","templated":true}]}}