{"id":11883,"date":"2026-04-29T22:36:05","date_gmt":"2026-04-30T01:36:05","guid":{"rendered":"https:\/\/www.aestrada.com.br\/v1\/?p=11883"},"modified":"2026-04-29T22:36:15","modified_gmt":"2026-04-30T01:36:15","slug":"prefeitura-municipal-cria-mais-cargos-e-aumenta-as-despesas","status":"publish","type":"post","link":"https:\/\/www.aestrada.com.br\/v1\/2026\/04\/29\/prefeitura-municipal-cria-mais-cargos-e-aumenta-as-despesas\/","title":{"rendered":"PREFEITURA MUNICIPAL CRIA MAIS CARGOS E AUMENTA AS DESPESAS"},"content":{"rendered":"<h3><strong>\u00a0\u00a0 Num cen\u00e1rio onde o munic\u00edpio de Vit\u00f3ria da Conquista necessita da implementa\u00e7\u00e3o de projetos estruturantes, como macrodrenagem para escoamentos das \u00e1guas provenientes das fortes chuvas, melhorias no transporte urbano, limpeza e tapagem de buracos na cidade, o poder executivo envia um projeto-de-lei \u00e0 C\u00e2mara de Vereadores onde cria 74 cargos comissionados, elevando as despesas anuais em mais de tr\u00eas milh\u00f5es de reais.<\/strong><\/h3>\n<h3><strong>\u00a0 Esse projeto foi aprovado ontem (dia 29\/04\/2026) em primeira vota\u00e7\u00e3o pelos parlamentares durante a realiza\u00e7\u00e3o da sess\u00e3o ordin\u00e1ria, que analisou o PLC de n\u00famero 05\/2026 que reestrutura e altera a denomina\u00e7\u00e3o da Secretaria Municipal de Governo, passando a se chamar Secretaria Municipal de Governo e Participa\u00e7\u00e3o Social, al\u00e9m de estabelecer sua organiza\u00e7\u00e3o administrativa.<\/strong><\/h3>\n<h3><strong>\u00a0\u00a0 Foram tamb\u00e9m discutidas as propostas de substitui\u00e7\u00e3o de sinais sonoros convencionais por m\u00fasicas adequadas nas unidades de ensino da rede municipal, visando a inclus\u00e3o e o bem-estar dos estudantes, especialmente aqueles com Transtorno do Espectro Autista; a que trata do gerenciamento adequado de res\u00edduos s\u00f3lidos gerados em eventos p\u00fablicos, privados e mistos, bem como a inclus\u00e3o do s\u00edmbolo mundial da fibromialogia nas sinaliza\u00e7\u00f5es de atendimento priorit\u00e1rio e vagas reservadas.\u00a0<\/strong><\/h3>\n<h3><strong>\u00a0\u00a0 Quanto ao projeto que cria mais cargos comissionados e eleva os gastos, foi alvo de pol\u00eamicas e cr\u00edticas por parte dos vereadores, principalmente da oposi\u00e7\u00e3o, argumentando ser legal, mas imoral diante da atual situa\u00e7\u00e3o carente de mais investimentos de infraestrutura no munic\u00edpio.<\/strong><\/h3>\n<h3><strong>\u00a0 Os parlamentares da situa\u00e7\u00e3o que votaram no projeto, como Edivaldo Ferreira, justificam que se trata de qualifica\u00e7\u00e3o na gest\u00e3o municipal visando melhor atender os usu\u00e1rios, o que n\u00e3o convence, conforme rebateu a vereadora Viviane Sampaio. Ela afirmou que a Prefeitura Municipal vem realizando mudan\u00e7as de nomes de secretaria, criando umas e desmembrando outras e at\u00e9 agora n\u00e3o se tem registrado melhorias palp\u00e1veis para a popula\u00e7\u00e3o.<\/strong><\/h3>\n<h3><strong>\u00a0\u00a0 O vereador Ricardo Gordo subiu \u00e0 tribuna dizendo que estava ali em defesa do povo. Ele fez um desabafo de que n\u00e3o tem recebido o devido apoio do seu grupo pol\u00edtico, mas somente cobran\u00e7as. Relatou que chegou a Conquista em 1995. \u201cEm 2000 ingressei na pol\u00edtica e s\u00f3 sirvo ao meu grupo\u201d. No entanto, ressaltou que ningu\u00e9m liga para saber se estou precisando de recursos para realizar meus projetos.<\/strong><\/h3>\n<h3><strong>\u00a0 O parlamentar Andreson destacou que vem trazendo pautas importantes para Conquista. Na ocasi\u00e3o, se referiu ao campeonato interbairros realizado domingo passado no Jardim Val\u00e9ria com muita integra\u00e7\u00e3o.\u00a0 \u201cUma pena que ao longo dos anos os desportistas conquistenses ainda n\u00e3o t\u00eam espa\u00e7os adequados para as pr\u00e1ticas esportivas, principalmente para nossos jovens\u201d.<\/strong><\/h3>\n<h3><strong>\u00a0\u00a0 A vereadora Gabriela Garrido falou sobre o Dia da Dan\u00e7a que valoriza a nossa cultura e parabenizar os artistas do setor. \u201cA nossa cidade tem crescido em termos de eventos que geram res\u00edduos s\u00f3lidos e precisam de regulamentos para n\u00e3o agredir o meio ambiente\u201d. \u00a0\u00a0\u00a0\u00a0\u00a0\u00a0<\/strong><\/h3>\n","protected":false},"excerpt":{"rendered":"<p>\u00a0\u00a0 Num cen\u00e1rio onde o munic\u00edpio de Vit\u00f3ria da Conquista necessita da implementa\u00e7\u00e3o de projetos estruturantes, como macrodrenagem para escoamentos das \u00e1guas provenientes das fortes chuvas, melhorias no transporte urbano, limpeza e tapagem de buracos na cidade, o poder executivo envia um projeto-de-lei \u00e0 C\u00e2mara de Vereadores onde cria 74 cargos comissionados, elevando as despesas [&hellip;]<\/p>\n","protected":false},"author":3,"featured_media":0,"comment_status":"open","ping_status":"open","sticky":false,"template":"","format":"standard","meta":{"_links_to":"","_links_to_target":""},"categories":[1],"tags":[],"_links":{"self":[{"href":"https:\/\/www.aestrada.com.br\/v1\/wp-json\/wp\/v2\/posts\/11883"}],"collection":[{"href":"https:\/\/www.aestrada.com.br\/v1\/wp-json\/wp\/v2\/posts"}],"about":[{"href":"https:\/\/www.aestrada.com.br\/v1\/wp-json\/wp\/v2\/types\/post"}],"author":[{"embeddable":true,"href":"https:\/\/www.aestrada.com.br\/v1\/wp-json\/wp\/v2\/users\/3"}],"replies":[{"embeddable":true,"href":"https:\/\/www.aestrada.com.br\/v1\/wp-json\/wp\/v2\/comments?post=11883"}],"version-history":[{"count":1,"href":"https:\/\/www.aestrada.com.br\/v1\/wp-json\/wp\/v2\/posts\/11883\/revisions"}],"predecessor-version":[{"id":11884,"href":"https:\/\/www.aestrada.com.br\/v1\/wp-json\/wp\/v2\/posts\/11883\/revisions\/11884"}],"wp:attachment":[{"href":"https:\/\/www.aestrada.com.br\/v1\/wp-json\/wp\/v2\/media?parent=11883"}],"wp:term":[{"taxonomy":"category","embeddable":true,"href":"https:\/\/www.aestrada.com.br\/v1\/wp-json\/wp\/v2\/categories?post=11883"},{"taxonomy":"post_tag","embeddable":true,"href":"https:\/\/www.aestrada.com.br\/v1\/wp-json\/wp\/v2\/tags?post=11883"}],"curies":[{"name":"wp","href":"https:\/\/api.w.org\/{rel}","templated":true}]}}