{"id":11880,"date":"2026-04-28T22:46:43","date_gmt":"2026-04-29T01:46:43","guid":{"rendered":"https:\/\/www.aestrada.com.br\/v1\/?p=11880"},"modified":"2026-04-28T22:46:53","modified_gmt":"2026-04-29T01:46:53","slug":"na-disputa-de-quem-mais-grita-e-a-rachadinha-de-conquista","status":"publish","type":"post","link":"https:\/\/www.aestrada.com.br\/v1\/2026\/04\/28\/na-disputa-de-quem-mais-grita-e-a-rachadinha-de-conquista\/","title":{"rendered":"NA DISPUTA DE QUEM MAIS GRITA E A &#8220;RACHADINHA&#8221; DE CONQUISTA"},"content":{"rendered":"<h3>\u00a0\u00a0<strong> Com tantos esc\u00e2ndalos, extremismos, radicaliza\u00e7\u00f5es, m\u00e1fias e falat\u00f3rios imbecis, principalmente desses evang\u00e9licos conservadores moralistas que usam o nome de Deus, p\u00e1tria e fam\u00edlia em v\u00e3o, confesso que ando entediado em falar de pol\u00edtica. Sobre excrementos, do tipo Trump e outros da mesma linha em nosso pa\u00eds, melhor dar descarga e depois jogar creolina para desinfetar.<\/strong><\/h3>\n<h3><strong>\u00a0\u00a0 As elei\u00e7\u00f5es, que significam mudan\u00e7as para pior, est\u00e3o chegando na base da gritaria. Sinto que toda ela vai ser pautada no grito. Quem falar mais alto, leva seu trof\u00e9u, e meus ouvidos n\u00e3o s\u00e3o pinicos. N\u00e3o tenho mais idade para isso. L\u00e1 se foram os projetos e programas para melhorar a cara amassada e ressaqueada desse nosso Brasil.<\/strong><\/h3>\n<h3><strong>\u00a0\u00a0 As institui\u00e7\u00f5es dos tr\u00eas poderes est\u00e3o desgastadas, desmoralizadas e at\u00e9 infiltradas de bandidos. O pr\u00f3prio Supremo Tribunal Federal, que deveria ser o guardi\u00e3o da nossa Constitui\u00e7\u00e3o, est\u00e1 pisando na casca da banana, ou com o p\u00e9 na jaca, diante das m\u00e1s condutas de muitos de seus membros.<\/strong><\/h3>\n<h3><strong>\u00a0 Deixou de ser t\u00e9cnico, isento e imparcial para ser pol\u00edtico. Basta acompanhar o caso do Banco Master. Todos os \u00f3rg\u00e3os est\u00e3o infestados de corrup\u00e7\u00f5es. Encontrar um setor limpo neste pa\u00eds \u00e9 o mesmo que achar uma agulha no palheiro.<\/strong><\/h3>\n<h3><strong>\u00a0O brasileiro vive num corredor polon\u00eas, s\u00f3 levando porrada, e n\u00e3o se tem a quem apelar, a n\u00e3o ser para o Papa. O povo est\u00e1 cada vez mais alienado, ignorante e acreditando nos falsos profetas de Deus. O pobre lenhado, os oprimidos e os mais discriminados se transformaram em direitona.<\/strong><\/h3>\n<h3><strong>\u00a0No campo internacional, temos o cachorro louco do Trump que a m\u00eddia fica todo dia analisando seus excrementos e ainda se submete a participar de uma festa de gala com ele, justamente o cara que a abomina. Como dizia o cancioneiro baiano Raul Seixas, o jornalista quer \u00e9 bajula\u00e7\u00e3o. Regredimos ao primitivismo b\u00e1rbaro.<\/strong><\/h3>\n<h3><strong>\u00a0 A NOSSA ALDEIA<\/strong><\/h3>\n<h3><strong>\u00a0\u00a0 Mas, vamos deixar o campo nacional e internacional dos fac\u00ednoras e tiranos, para falarmos da nossa aldeia de Vit\u00f3ria da Conquista, onde imbecis o chamam de \u201cSu\u00ed\u00e7a Baiana\u201d, sem cultura, de periferias de pobreza e mis\u00e9ria, ruas esburacadas, carente de projetos de infraestrutura, destruidora das nossas tradi\u00e7\u00f5es populares, como o S\u00e3o Jo\u00e3o, cracol\u00e2ndia e outras mazelas.<\/strong><\/h3>\n<h3><strong>\u00a0\u00a0 Bastam de tantos bairrismos e glorifica\u00e7\u00f5es baratos! Vamos encarar a nossa realidade na busca de melhorias. Que \u201cSu\u00ed\u00e7a Baiana\u201d \u00e9 esta que deixa seu \u00fanico campo profissional de futebol em estado lament\u00e1vel, que n\u00e3o pode ser usado pelo \u00fanico time que poucos apoiam?<\/strong><\/h3>\n<h3><strong>\u00a0\u00a0 Agora mesmo fomos surpreendidos com a den\u00fancia de \u201crachadinha\u201d, ou rachadona\u201d praticada pelo vereador Dinho dos Campinhos (n\u00e3o \u00e9 somente ele) e nesse pir\u00e3o tem mais osso. As \u201crachadinhas\u201d na C\u00e2mara n\u00e3o s\u00e3o novidades.<\/strong><\/h3>\n<h3><strong>Enquanto isso, cada um est\u00e1 mais preocupado em defender seus lotes de eleitores pobres, ou seus currais, como nos tempos do coronelismo, para indicar obras e se esquece dos macros problema do munic\u00edpio. A maioria dos discursos \u00e9 na linha das indica\u00e7\u00f5es. Vereador virou construtor de obras.<\/strong><\/h3>\n<h3><strong>Essa pol\u00edtica brasileira inverteu as fun\u00e7\u00f5es entre legislativo e executivo. Esse maldito Congresso Nacional \u00e9 o maior exemplo disso. Al\u00e9m das bandidagens, as emendas parlamentares s\u00e3o uma farra, e os ratos fazem suas festas com o nosso suado dinheiro. O governo faz de conta que governa, e o legislativo faz de conta que legisla.<\/strong><\/h3>\n<h3><strong>\u00a0 UM REPRESENTANTE DA CULTURA<\/strong><\/h3>\n<h3><strong>\u00a0 Em Conquista, de 21 cadeiras, passamos para 23, com a demagogia de que o aumento desse n\u00famero representaria mais benef\u00edcios para a popula\u00e7\u00e3o. Uma deslavada mentira e demagogia. A partir de 2025 aumentaram seus sal\u00e1rios de R$12.025,40 para R$18.742,91, eleva\u00e7\u00e3o de cerca de 55,86%, comparado ao per\u00edodo de 2013 a 2024.<\/strong><\/h3>\n<h3><strong>\u00a0 A verba de gabinete \u00e9 de 50 mil reais, representando um aumento significativo no custo do legislativo municipal. O dinheiro \u00e9 destinado a gastos com contrata\u00e7\u00e3o de assessores, aluguel de escrit\u00f3rio e outros itens. Tem ainda a proposta do ticket alimenta\u00e7\u00e3o de R$1.800,00 para os vereadores. Absurdo dos absurdos. Vivemos numa sociedade degenerada onde o anormal se tornou normal, e o imoral em legal.<\/strong><\/h3>\n<h3><strong>\u00a0 Por sua vez, a esquerda de outrora continua com sua linguagem e discurso arcaicos que n\u00e3o alcan\u00e7am mais as massas. Suas bases foram esquecidas. Da cacha\u00e7a, passou-se para o u\u00edsque. Uma ala tamb\u00e9m acha que vale a pena elevar o seu grito de guerra para superar a extrema direita.<\/strong><\/h3>\n<h3><strong>\u00a0\u00a0 Dentro de mais dois anos temos elei\u00e7\u00f5es municipais e precisamos preparar o terreno para um nome alternativo a fim de derrubar este esquema destruidor que a\u00ed est\u00e1. Os intelectuais, os artistas em geral, estudantes, professores e todo setor cultural, principalmente, precisam se conscientizar e se unir para apresentar um nome alternativo, para mudar esse quadro de terra arrasada dessa falsa \u201cSu\u00ed\u00e7a Baiana\u201d.<\/strong><\/h3>\n<h3><strong>\u00a0\u00a0 Est\u00e1 na hora dos movimentos culturais em geral deixar suas diferen\u00e7as ideol\u00f3gicas de lado, suas vaidades, individualismos, suas brigas internas e unir for\u00e7as para apresentar um nome forte, s\u00e9rio, id\u00f4neo e que seja \u00e0 altura do porte de Vit\u00f3ria da Conquista, a terceira maior cidade da Bahia, com mais de 400 mil habitantes.\u00a0 \u00a0\u00a0\u00a0\u00a0\u00a0\u00a0<\/strong><\/h3>\n","protected":false},"excerpt":{"rendered":"<p>\u00a0\u00a0 Com tantos esc\u00e2ndalos, extremismos, radicaliza\u00e7\u00f5es, m\u00e1fias e falat\u00f3rios imbecis, principalmente desses evang\u00e9licos conservadores moralistas que usam o nome de Deus, p\u00e1tria e fam\u00edlia em v\u00e3o, confesso que ando entediado em falar de pol\u00edtica. Sobre excrementos, do tipo Trump e outros da mesma linha em nosso pa\u00eds, melhor dar descarga e depois jogar creolina para [&hellip;]<\/p>\n","protected":false},"author":3,"featured_media":0,"comment_status":"open","ping_status":"open","sticky":false,"template":"","format":"standard","meta":{"_links_to":"","_links_to_target":""},"categories":[1],"tags":[],"_links":{"self":[{"href":"https:\/\/www.aestrada.com.br\/v1\/wp-json\/wp\/v2\/posts\/11880"}],"collection":[{"href":"https:\/\/www.aestrada.com.br\/v1\/wp-json\/wp\/v2\/posts"}],"about":[{"href":"https:\/\/www.aestrada.com.br\/v1\/wp-json\/wp\/v2\/types\/post"}],"author":[{"embeddable":true,"href":"https:\/\/www.aestrada.com.br\/v1\/wp-json\/wp\/v2\/users\/3"}],"replies":[{"embeddable":true,"href":"https:\/\/www.aestrada.com.br\/v1\/wp-json\/wp\/v2\/comments?post=11880"}],"version-history":[{"count":1,"href":"https:\/\/www.aestrada.com.br\/v1\/wp-json\/wp\/v2\/posts\/11880\/revisions"}],"predecessor-version":[{"id":11881,"href":"https:\/\/www.aestrada.com.br\/v1\/wp-json\/wp\/v2\/posts\/11880\/revisions\/11881"}],"wp:attachment":[{"href":"https:\/\/www.aestrada.com.br\/v1\/wp-json\/wp\/v2\/media?parent=11880"}],"wp:term":[{"taxonomy":"category","embeddable":true,"href":"https:\/\/www.aestrada.com.br\/v1\/wp-json\/wp\/v2\/categories?post=11880"},{"taxonomy":"post_tag","embeddable":true,"href":"https:\/\/www.aestrada.com.br\/v1\/wp-json\/wp\/v2\/tags?post=11880"}],"curies":[{"name":"wp","href":"https:\/\/api.w.org\/{rel}","templated":true}]}}