{"id":11878,"date":"2026-04-28T22:42:02","date_gmt":"2026-04-29T01:42:02","guid":{"rendered":"https:\/\/www.aestrada.com.br\/v1\/?p=11878"},"modified":"2026-04-28T22:42:14","modified_gmt":"2026-04-29T01:42:14","slug":"mesa-diretora-divulga-nota-sobre-rachadinha-de-vereador","status":"publish","type":"post","link":"https:\/\/www.aestrada.com.br\/v1\/2026\/04\/28\/mesa-diretora-divulga-nota-sobre-rachadinha-de-vereador\/","title":{"rendered":"MESA DIRETORA DIVULGA NOTA SOBRE &#8220;RACHADINHA&#8221; DE VEREADOR"},"content":{"rendered":"<h3>\u00a0 So<strong>bre a den\u00fancia de \u201crachadinha\u201d no gabinete do vereador Gilvan Nunes Pereira, o Dinho dos Campinhos, a Mesa Diretora da C\u00e2mara Municipal de Vit\u00f3ria da Conquista emitiu uma nota \u00e0 imprensa dizendo que expediu um of\u00edcio de n\u00famero 023\/2026 que encaminha requerimento de apura\u00e7\u00e3o do caso \u00e0 Corregedoria da Casa e \u00e0 Comiss\u00e3o de \u00c9tica.<\/strong><\/h3>\n<h3><strong>\u00a0\u00a0 Diz a nota que, \u201cno pleno exerc\u00edcio de suas atribui\u00e7\u00f5es legais e em comprimento com a \u00e9tica que rege esta Casa Legislativa, vem a p\u00fablico esclarecer os fatos relativos \u00e0 den\u00fancia de poss\u00edvel quebra de decoro parlamentar envolvendo o vereador, do Partido Republicanos. \u201d<\/strong><\/h3>\n<h3><strong>\u00a0 Destaca ainda que a decis\u00e3o de acionar a Corregedoria e a Comiss\u00e3o de \u00c9tica Parlamentar demonstra que esta gest\u00e3o n\u00e3o se omitir\u00e1 diante de ind\u00edcios que possam comprometer a dignidade, a moralidade e regular funcionamento do Poder Legislativo Conquistense.<\/strong><\/h3>\n<h3><strong>\u00a0 Afirma a nota que \u201ca Casa assegura \u00e0 popula\u00e7\u00e3o que todos os encaminhamentos ser\u00e3o dados em tempo h\u00e1bil, respeitando rigorosamente o rito processual\u201d. Ressalta que o procedimento ser\u00e1 pautado pela observ\u00e2ncia do direito \u00e0 ampla defesa e ao contradit\u00f3rio, conforme os princ\u00edpios b\u00e1sicos da democracia\u201d.<\/strong><\/h3>\n<h3><strong>\u00a0Por fim, termina declarando que \u201cesta Mesa Diretora se compromete com a maior transpar\u00eancia poss\u00edvel em todos os seus atos, zelando pelo direito constitucional de informa\u00e7\u00e3o \u00e0 popula\u00e7\u00e3o e pela preserva\u00e7\u00e3o da honra desta institui\u00e7\u00e3o legislativa.\u201d \u00a0<\/strong><\/h3>\n<h3><strong>\u00a0\u00a0 \u00a0<\/strong><\/h3>\n","protected":false},"excerpt":{"rendered":"<p>\u00a0 Sobre a den\u00fancia de \u201crachadinha\u201d no gabinete do vereador Gilvan Nunes Pereira, o Dinho dos Campinhos, a Mesa Diretora da C\u00e2mara Municipal de Vit\u00f3ria da Conquista emitiu uma nota \u00e0 imprensa dizendo que expediu um of\u00edcio de n\u00famero 023\/2026 que encaminha requerimento de apura\u00e7\u00e3o do caso \u00e0 Corregedoria da Casa e \u00e0 Comiss\u00e3o de [&hellip;]<\/p>\n","protected":false},"author":3,"featured_media":0,"comment_status":"open","ping_status":"open","sticky":false,"template":"","format":"standard","meta":{"_links_to":"","_links_to_target":""},"categories":[1],"tags":[],"_links":{"self":[{"href":"https:\/\/www.aestrada.com.br\/v1\/wp-json\/wp\/v2\/posts\/11878"}],"collection":[{"href":"https:\/\/www.aestrada.com.br\/v1\/wp-json\/wp\/v2\/posts"}],"about":[{"href":"https:\/\/www.aestrada.com.br\/v1\/wp-json\/wp\/v2\/types\/post"}],"author":[{"embeddable":true,"href":"https:\/\/www.aestrada.com.br\/v1\/wp-json\/wp\/v2\/users\/3"}],"replies":[{"embeddable":true,"href":"https:\/\/www.aestrada.com.br\/v1\/wp-json\/wp\/v2\/comments?post=11878"}],"version-history":[{"count":1,"href":"https:\/\/www.aestrada.com.br\/v1\/wp-json\/wp\/v2\/posts\/11878\/revisions"}],"predecessor-version":[{"id":11879,"href":"https:\/\/www.aestrada.com.br\/v1\/wp-json\/wp\/v2\/posts\/11878\/revisions\/11879"}],"wp:attachment":[{"href":"https:\/\/www.aestrada.com.br\/v1\/wp-json\/wp\/v2\/media?parent=11878"}],"wp:term":[{"taxonomy":"category","embeddable":true,"href":"https:\/\/www.aestrada.com.br\/v1\/wp-json\/wp\/v2\/categories?post=11878"},{"taxonomy":"post_tag","embeddable":true,"href":"https:\/\/www.aestrada.com.br\/v1\/wp-json\/wp\/v2\/tags?post=11878"}],"curies":[{"name":"wp","href":"https:\/\/api.w.org\/{rel}","templated":true}]}}