{"id":11867,"date":"2026-04-23T23:14:53","date_gmt":"2026-04-24T02:14:53","guid":{"rendered":"https:\/\/www.aestrada.com.br\/v1\/?p=11867"},"modified":"2026-04-23T23:15:05","modified_gmt":"2026-04-24T02:15:05","slug":"cucas-malucas","status":"publish","type":"post","link":"https:\/\/www.aestrada.com.br\/v1\/2026\/04\/23\/cucas-malucas\/","title":{"rendered":"CUCAS MALUCAS"},"content":{"rendered":"<h3><strong>Autoria do jornalista e escritor Jeremias Mac\u00e1rio<\/strong><\/h3>\n<h3><strong>Solto minha fuma\u00e7a,<\/strong><\/h3>\n<h3><strong>Com ess\u00eancia de a\u00e7o,<\/strong><\/h3>\n<h3><strong>Na espera da gra\u00e7a,<\/strong><\/h3>\n<h3><strong>Para ver o sol rajar<\/strong><\/h3>\n<h3><strong>Do nascente ao poente,<\/strong><\/h3>\n<h3><strong>E vou livre a navegar,<\/strong><\/h3>\n<h3><strong>Pelas ondas do mar.<\/strong><\/h3>\n<h3><\/h3>\n<h3><strong>Cucas polu\u00eddas<\/strong><\/h3>\n<h3><strong>De ideias malucas,<\/strong><\/h3>\n<h3><strong>Das malignas redes sociais,<\/strong><\/h3>\n<h3><strong>Tecidas de teias,<\/strong><\/h3>\n<h3><strong>Por aranhas venenosas,<\/strong><\/h3>\n<h3><strong>Que cortam veias,<\/strong><\/h3>\n<h3><strong>Manipulam canais,<\/strong><\/h3>\n<h3><strong>Como inimigas viscerais.<\/strong><\/h3>\n<h3><\/h3>\n<h3><strong>Cucas malucas,<\/strong><\/h3>\n<h3><strong>Que infestam nossas cucas<\/strong><\/h3>\n<h3><strong>At\u00e9 a nuca,<\/strong><\/h3>\n<h3><strong>Cheias de lixos,<\/strong><\/h3>\n<h3><strong>De ideologias medievais,<\/strong><\/h3>\n<h3><strong>Que delas brotam bichos,<\/strong><\/h3>\n<h3><strong>Para consumir nossos ideais.<\/strong><\/h3>\n<h3><\/h3>\n<h3><strong>Cuca \u00e9 templo racional,<\/strong><\/h3>\n<h3><strong>\u00c9 da terra, sagrado sal,<\/strong><\/h3>\n<h3><strong>N\u00e3o \u00e9 propriedade<\/strong><\/h3>\n<h3><strong>Desses cabras idiotas,<\/strong><\/h3>\n<h3><strong>Que atacam a liberdade,<\/strong><\/h3>\n<h3><strong>Como falsos patriotas.<\/strong><\/h3>\n<h3><\/h3>\n<h3><strong>Nossa cuca n\u00e3o \u00e9 latrina,<\/strong><\/h3>\n<h3><strong>Nem pinico de doutrina,<\/strong><\/h3>\n<h3><strong>Para intruso influenciador,<\/strong><\/h3>\n<h3><strong>Nela mijar e fazer coc\u00f4.<\/strong><\/h3>\n<h3><\/h3>\n<p>&nbsp;<\/p>\n","protected":false},"excerpt":{"rendered":"<p>Autoria do jornalista e escritor Jeremias Mac\u00e1rio Solto minha fuma\u00e7a, Com ess\u00eancia de a\u00e7o, Na espera da gra\u00e7a, Para ver o sol rajar Do nascente ao poente, E vou livre a navegar, Pelas ondas do mar. Cucas polu\u00eddas De ideias malucas, Das malignas redes sociais, Tecidas de teias, Por aranhas venenosas, Que cortam veias, Manipulam [&hellip;]<\/p>\n","protected":false},"author":3,"featured_media":0,"comment_status":"open","ping_status":"open","sticky":false,"template":"","format":"standard","meta":{"_links_to":"","_links_to_target":""},"categories":[6],"tags":[],"_links":{"self":[{"href":"https:\/\/www.aestrada.com.br\/v1\/wp-json\/wp\/v2\/posts\/11867"}],"collection":[{"href":"https:\/\/www.aestrada.com.br\/v1\/wp-json\/wp\/v2\/posts"}],"about":[{"href":"https:\/\/www.aestrada.com.br\/v1\/wp-json\/wp\/v2\/types\/post"}],"author":[{"embeddable":true,"href":"https:\/\/www.aestrada.com.br\/v1\/wp-json\/wp\/v2\/users\/3"}],"replies":[{"embeddable":true,"href":"https:\/\/www.aestrada.com.br\/v1\/wp-json\/wp\/v2\/comments?post=11867"}],"version-history":[{"count":1,"href":"https:\/\/www.aestrada.com.br\/v1\/wp-json\/wp\/v2\/posts\/11867\/revisions"}],"predecessor-version":[{"id":11868,"href":"https:\/\/www.aestrada.com.br\/v1\/wp-json\/wp\/v2\/posts\/11867\/revisions\/11868"}],"wp:attachment":[{"href":"https:\/\/www.aestrada.com.br\/v1\/wp-json\/wp\/v2\/media?parent=11867"}],"wp:term":[{"taxonomy":"category","embeddable":true,"href":"https:\/\/www.aestrada.com.br\/v1\/wp-json\/wp\/v2\/categories?post=11867"},{"taxonomy":"post_tag","embeddable":true,"href":"https:\/\/www.aestrada.com.br\/v1\/wp-json\/wp\/v2\/tags?post=11867"}],"curies":[{"name":"wp","href":"https:\/\/api.w.org\/{rel}","templated":true}]}}