{"id":11711,"date":"2026-03-12T23:38:54","date_gmt":"2026-03-13T02:38:54","guid":{"rendered":"https:\/\/www.aestrada.com.br\/v1\/?p=11711"},"modified":"2026-03-12T23:39:05","modified_gmt":"2026-03-13T02:39:05","slug":"o-cao-reconstruido","status":"publish","type":"post","link":"https:\/\/www.aestrada.com.br\/v1\/2026\/03\/12\/o-cao-reconstruido\/","title":{"rendered":"O C\u00c3O RECONSTRU\u00cdDO"},"content":{"rendered":"<p><a href=\"https:\/\/www.aestrada.com.br\/v1\/wp-content\/uploads\/2026\/03\/CAO.jpg\"><img loading=\"lazy\" class=\"aligncenter size-full wp-image-11712\" src=\"https:\/\/www.aestrada.com.br\/v1\/wp-content\/uploads\/2026\/03\/CAO.jpg\" alt=\"\" width=\"250\" height=\"333\" srcset=\"https:\/\/www.aestrada.com.br\/v1\/wp-content\/uploads\/2026\/03\/CAO.jpg 250w, https:\/\/www.aestrada.com.br\/v1\/wp-content\/uploads\/2026\/03\/CAO-225x300.jpg 225w\" sizes=\"(max-width: 250px) 100vw, 250px\" \/><\/a><\/p>\n<p>(Chico Ribeiro Neto)<\/p>\n<p>Numa encosta da Avenida Centen\u00e1rio, h\u00e1 alguns anos, surgiu a escultura de um homem com o cachorro na coleira, tudo feito com material recicl\u00e1vel, principalmente garrafas PET.<\/p>\n<p>No Carnaval destru\u00edram o cachorro e arrancaram o bra\u00e7o de Q-Boa do rapaz. Pois bem, a escultura de Andr\u00e9 Fernands ressurge agora, reconstru\u00edda e mais bonita. A express\u00e3o do homem \u00e9 de PET, mas \u00e9 de paz. Todo branco, com orelhas pretas, o c\u00e3o renasceu. O trabalho de Andr\u00e9 Fernands fica numa encosta da Avenida Centen\u00e1rio (sentido Calabar).<\/p>\n<p>\u201cTransformando em arte aquilo que o mundo descarta como lixo\u201d, diz Andr\u00e9 Fernands no seu Instagram (@andrefernands2009), onde se define como\u00a0 \u201cartista pl\u00e1stico, palestrante, catador de res\u00edduos e ambientalista, pai de Jo\u00e3o Paulo Fernandes\u201d.<\/p>\n<p>\u201cTrabalha h\u00e1 mais de 30 anos com res\u00edduos pl\u00e1sticos, transformando lixo em arte e embelezando a cidade de Salvador\u201d, diz mat\u00e9ria sobre ele postada nos site noticiasavera.com.br em 29\/4\/2024, acrescentando: \u201cUma de suas obras mais conhecidas \u00e9 o Bandeir\u00e3o dos Jogos Ol\u00edmpicos do Rio 2016, composto por cerca de 300 mil tampinhas de garrafa PET. Essa obra levou\u00a0 6 anos para ser conclu\u00edda e contou com a participa\u00e7\u00e3o de crian\u00e7as do projeto Praia Limpa na coleta das tampinhas pelas praias de Salvador\u201d.<\/p>\n<p>Andr\u00e9 Fernands tem v\u00e1rios trabalhos espalhados por Salvador que podem ser vistos no seu Instagram. Parab\u00e9ns, grande artista, voc\u00ea reage aos dilapidadores e torna essa cidade menos cinza.<\/p>\n<p>(Veja cr\u00f4nicas anteriores em leiamaisba.com.br)<\/p>\n<p>&nbsp;<\/p>\n<p>&nbsp;<\/p>\n<p>&nbsp;<\/p>\n","protected":false},"excerpt":{"rendered":"<p>(Chico Ribeiro Neto) Numa encosta da Avenida Centen\u00e1rio, h\u00e1 alguns anos, surgiu a escultura de um homem com o cachorro na coleira, tudo feito com material recicl\u00e1vel, principalmente garrafas PET. No Carnaval destru\u00edram o cachorro e arrancaram o bra\u00e7o de Q-Boa do rapaz. Pois bem, a escultura de Andr\u00e9 Fernands ressurge agora, reconstru\u00edda e mais [&hellip;]<\/p>\n","protected":false},"author":3,"featured_media":0,"comment_status":"open","ping_status":"open","sticky":false,"template":"","format":"standard","meta":{"_links_to":"","_links_to_target":""},"categories":[1],"tags":[],"_links":{"self":[{"href":"https:\/\/www.aestrada.com.br\/v1\/wp-json\/wp\/v2\/posts\/11711"}],"collection":[{"href":"https:\/\/www.aestrada.com.br\/v1\/wp-json\/wp\/v2\/posts"}],"about":[{"href":"https:\/\/www.aestrada.com.br\/v1\/wp-json\/wp\/v2\/types\/post"}],"author":[{"embeddable":true,"href":"https:\/\/www.aestrada.com.br\/v1\/wp-json\/wp\/v2\/users\/3"}],"replies":[{"embeddable":true,"href":"https:\/\/www.aestrada.com.br\/v1\/wp-json\/wp\/v2\/comments?post=11711"}],"version-history":[{"count":1,"href":"https:\/\/www.aestrada.com.br\/v1\/wp-json\/wp\/v2\/posts\/11711\/revisions"}],"predecessor-version":[{"id":11713,"href":"https:\/\/www.aestrada.com.br\/v1\/wp-json\/wp\/v2\/posts\/11711\/revisions\/11713"}],"wp:attachment":[{"href":"https:\/\/www.aestrada.com.br\/v1\/wp-json\/wp\/v2\/media?parent=11711"}],"wp:term":[{"taxonomy":"category","embeddable":true,"href":"https:\/\/www.aestrada.com.br\/v1\/wp-json\/wp\/v2\/categories?post=11711"},{"taxonomy":"post_tag","embeddable":true,"href":"https:\/\/www.aestrada.com.br\/v1\/wp-json\/wp\/v2\/tags?post=11711"}],"curies":[{"name":"wp","href":"https:\/\/api.w.org\/{rel}","templated":true}]}}