{"id":11705,"date":"2026-03-12T23:34:23","date_gmt":"2026-03-13T02:34:23","guid":{"rendered":"https:\/\/www.aestrada.com.br\/v1\/?p=11705"},"modified":"2026-03-12T23:34:32","modified_gmt":"2026-03-13T02:34:32","slug":"avenida-integracao","status":"publish","type":"post","link":"https:\/\/www.aestrada.com.br\/v1\/2026\/03\/12\/avenida-integracao\/","title":{"rendered":"AVENIDA INTEGRA\u00c7\u00c3O"},"content":{"rendered":"<p><a href=\"https:\/\/www.aestrada.com.br\/v1\/wp-content\/uploads\/2026\/03\/DSC_0827.jpg\"><img loading=\"lazy\" class=\"aligncenter size-full wp-image-11706\" src=\"https:\/\/www.aestrada.com.br\/v1\/wp-content\/uploads\/2026\/03\/DSC_0827.jpg\" alt=\"\" width=\"550\" height=\"365\" srcset=\"https:\/\/www.aestrada.com.br\/v1\/wp-content\/uploads\/2026\/03\/DSC_0827.jpg 550w, https:\/\/www.aestrada.com.br\/v1\/wp-content\/uploads\/2026\/03\/DSC_0827-300x199.jpg 300w\" sizes=\"(max-width: 550px) 100vw, 550px\" \/><\/a><\/p>\n<p><a href=\"https:\/\/www.aestrada.com.br\/v1\/wp-content\/uploads\/2026\/03\/DSC_0829.jpg\"><img loading=\"lazy\" class=\"aligncenter size-full wp-image-11707\" src=\"https:\/\/www.aestrada.com.br\/v1\/wp-content\/uploads\/2026\/03\/DSC_0829.jpg\" alt=\"\" width=\"550\" height=\"365\" srcset=\"https:\/\/www.aestrada.com.br\/v1\/wp-content\/uploads\/2026\/03\/DSC_0829.jpg 550w, https:\/\/www.aestrada.com.br\/v1\/wp-content\/uploads\/2026\/03\/DSC_0829-300x199.jpg 300w\" sizes=\"(max-width: 550px) 100vw, 550px\" \/><\/a><\/p>\n<p>Quando aqui cheguei h\u00e1 35 anos (hoje me sinto um conquistense) me disseram que a Avenida Integra\u00e7\u00e3o (Presidente Dutra) dividia Vit\u00f3ria da Conquista em duas cidades, a mais pobre e abandonada, chamada de Zona Oeste, e a mais rica e privilegiada, a Zona Leste. Quis o destino que eu morasse na segunda, embora n\u00e3o pertencesse \u00e0 classe alta. Quanto a essa diferencia\u00e7\u00e3o social, o povo tinha e tem total raz\u00e3o de assim classificar a cidade, mas com o tempo muita coisa mudou. Entretanto, os desn\u00edveis em termos de equipamentos, estrutura e poder aquisitivo ainda permanecem. Jos\u00e9 Pedral, em seu primeiro governo, a partir de 1963, tinha a inten\u00e7\u00e3o de reduzir essa desigualdade, por\u00e9m seu mandato foi interrompido em maio de 1964 pela ditadura civil-militar. No Governo do PT foram constru\u00eddos o Espa\u00e7o Glauber Rocha, que sofreu desvios de suas fun\u00e7\u00f5es, o CAIC e o Ifba (o Instituto T\u00e9cnico Federal). Da parte do setor privado, surgiram alguns hot\u00e9is, restaurantes e lojas comerciais de porte, mas o peso da economia continua na Zona Leste onde os pol\u00edticos sempre injetaram maiores volumes de recursos, inclusive em obras de infraestrutura. At\u00e9 pouco tempo, a Lagoa das Bateias estava em estado lament\u00e1vel. Que bom que foi revitalizada! A zona Oeste permanece a prima pobre, apesar da famosa Feirinha do Bairro Brasil ser o maior destaque da cidade. Na zona Leste, onde se encontram a UESB, a Universidade Federal, o Centro de Cultura Camilo de Jesus Lima e outros equipamentos de import\u00e2ncia, s\u00e3o realizados os maiores eventos. At\u00e9 o nosso S\u00e3o Jo\u00e3o foi levado para o Parque de Exposi\u00e7\u00f5es (uma insanidade). Estou agora residindo na Oeste e aqui \u00e9 meu lugar. No entanto, observo as diferen\u00e7as sociais, econ\u00f4micas, saneamento b\u00e1sico e culturais. Infelizmente, os governantes ainda d\u00e3o mais aten\u00e7\u00e3o ao lado de l\u00e1. Quem est\u00e1 l\u00e1 n\u00e3o gosta de vir para c\u00e1, e vice-versa, inclusive quando se trata de vida noturna.<\/p>\n<p><a href=\"https:\/\/www.aestrada.com.br\/v1\/wp-content\/uploads\/2026\/03\/DSC_0833.jpg\"><img loading=\"lazy\" class=\"aligncenter size-full wp-image-11708\" src=\"https:\/\/www.aestrada.com.br\/v1\/wp-content\/uploads\/2026\/03\/DSC_0833.jpg\" alt=\"\" width=\"550\" height=\"365\" srcset=\"https:\/\/www.aestrada.com.br\/v1\/wp-content\/uploads\/2026\/03\/DSC_0833.jpg 550w, https:\/\/www.aestrada.com.br\/v1\/wp-content\/uploads\/2026\/03\/DSC_0833-300x199.jpg 300w\" sizes=\"(max-width: 550px) 100vw, 550px\" \/><\/a><\/p>\n<p>&nbsp;<\/p>\n<p><a href=\"https:\/\/www.aestrada.com.br\/v1\/wp-content\/uploads\/2026\/03\/DSC_0838.jpg\"><img loading=\"lazy\" class=\"aligncenter size-full wp-image-11709\" src=\"https:\/\/www.aestrada.com.br\/v1\/wp-content\/uploads\/2026\/03\/DSC_0838.jpg\" alt=\"\" width=\"550\" height=\"365\" srcset=\"https:\/\/www.aestrada.com.br\/v1\/wp-content\/uploads\/2026\/03\/DSC_0838.jpg 550w, https:\/\/www.aestrada.com.br\/v1\/wp-content\/uploads\/2026\/03\/DSC_0838-300x199.jpg 300w\" sizes=\"(max-width: 550px) 100vw, 550px\" \/><\/a><\/p>\n","protected":false},"excerpt":{"rendered":"<p>Quando aqui cheguei h\u00e1 35 anos (hoje me sinto um conquistense) me disseram que a Avenida Integra\u00e7\u00e3o (Presidente Dutra) dividia Vit\u00f3ria da Conquista em duas cidades, a mais pobre e abandonada, chamada de Zona Oeste, e a mais rica e privilegiada, a Zona Leste. Quis o destino que eu morasse na segunda, embora n\u00e3o pertencesse [&hellip;]<\/p>\n","protected":false},"author":3,"featured_media":0,"comment_status":"open","ping_status":"open","sticky":false,"template":"","format":"standard","meta":{"_links_to":"","_links_to_target":""},"categories":[5],"tags":[],"_links":{"self":[{"href":"https:\/\/www.aestrada.com.br\/v1\/wp-json\/wp\/v2\/posts\/11705"}],"collection":[{"href":"https:\/\/www.aestrada.com.br\/v1\/wp-json\/wp\/v2\/posts"}],"about":[{"href":"https:\/\/www.aestrada.com.br\/v1\/wp-json\/wp\/v2\/types\/post"}],"author":[{"embeddable":true,"href":"https:\/\/www.aestrada.com.br\/v1\/wp-json\/wp\/v2\/users\/3"}],"replies":[{"embeddable":true,"href":"https:\/\/www.aestrada.com.br\/v1\/wp-json\/wp\/v2\/comments?post=11705"}],"version-history":[{"count":1,"href":"https:\/\/www.aestrada.com.br\/v1\/wp-json\/wp\/v2\/posts\/11705\/revisions"}],"predecessor-version":[{"id":11710,"href":"https:\/\/www.aestrada.com.br\/v1\/wp-json\/wp\/v2\/posts\/11705\/revisions\/11710"}],"wp:attachment":[{"href":"https:\/\/www.aestrada.com.br\/v1\/wp-json\/wp\/v2\/media?parent=11705"}],"wp:term":[{"taxonomy":"category","embeddable":true,"href":"https:\/\/www.aestrada.com.br\/v1\/wp-json\/wp\/v2\/categories?post=11705"},{"taxonomy":"post_tag","embeddable":true,"href":"https:\/\/www.aestrada.com.br\/v1\/wp-json\/wp\/v2\/tags?post=11705"}],"curies":[{"name":"wp","href":"https:\/\/api.w.org\/{rel}","templated":true}]}}