{"id":11703,"date":"2026-03-12T23:29:00","date_gmt":"2026-03-13T02:29:00","guid":{"rendered":"https:\/\/www.aestrada.com.br\/v1\/?p=11703"},"modified":"2026-03-12T23:29:12","modified_gmt":"2026-03-13T02:29:12","slug":"mais-e-menos","status":"publish","type":"post","link":"https:\/\/www.aestrada.com.br\/v1\/2026\/03\/12\/mais-e-menos\/","title":{"rendered":"MAIS E MENOS"},"content":{"rendered":"<p>Autoria do jornalista e escritor Jeremias Mac\u00e1rio<\/p>\n<p>Poucos com mais,<\/p>\n<p>E muitos com menos:<\/p>\n<p>\u00c9 a desigualdade social,<\/p>\n<p>No pa\u00eds do carnaval,<\/p>\n<p>Onde a justi\u00e7a<\/p>\n<p>\u00c9 para quem tem mais,<\/p>\n<p>Prende e solta<\/p>\n<p>Os bandidos magistrais.<\/p>\n<p>&nbsp;<\/p>\n<p>Quem tem mais, quer mais,<\/p>\n<p>Rouba e esfola os menos,<\/p>\n<p>Que trabalha para bancar o mais,<\/p>\n<p>E ainda vota nesses canibais.<\/p>\n<p>&nbsp;<\/p>\n<p>O massacre \u00e9 secular,<\/p>\n<p>Os letrados com suas teorias,<\/p>\n<p>Que s\u00f3 ficam no bl\u00e1bl\u00e1bl\u00e1,<\/p>\n<p>Com seus discursos invi\u00e1veis,<\/p>\n<p>E os menos nas orgias viscerais,<\/p>\n<p>Os mais comendo pastel,<\/p>\n<p>Esperando o reino do c\u00e9u.<\/p>\n<p>&nbsp;<\/p>\n<p>Os menos oprimem os mais.<\/p>\n<p>Vamos fazer a nossa revolu\u00e7\u00e3o,<\/p>\n<p>Nesse Brasil da contram\u00e3o?<\/p>\n<p>&nbsp;<\/p>\n<p>&nbsp;<\/p>\n","protected":false},"excerpt":{"rendered":"<p>Autoria do jornalista e escritor Jeremias Mac\u00e1rio Poucos com mais, E muitos com menos: \u00c9 a desigualdade social, No pa\u00eds do carnaval, Onde a justi\u00e7a \u00c9 para quem tem mais, Prende e solta Os bandidos magistrais. &nbsp; Quem tem mais, quer mais, Rouba e esfola os menos, Que trabalha para bancar o mais, E ainda [&hellip;]<\/p>\n","protected":false},"author":3,"featured_media":0,"comment_status":"open","ping_status":"open","sticky":false,"template":"","format":"standard","meta":{"_links_to":"","_links_to_target":""},"categories":[6],"tags":[],"_links":{"self":[{"href":"https:\/\/www.aestrada.com.br\/v1\/wp-json\/wp\/v2\/posts\/11703"}],"collection":[{"href":"https:\/\/www.aestrada.com.br\/v1\/wp-json\/wp\/v2\/posts"}],"about":[{"href":"https:\/\/www.aestrada.com.br\/v1\/wp-json\/wp\/v2\/types\/post"}],"author":[{"embeddable":true,"href":"https:\/\/www.aestrada.com.br\/v1\/wp-json\/wp\/v2\/users\/3"}],"replies":[{"embeddable":true,"href":"https:\/\/www.aestrada.com.br\/v1\/wp-json\/wp\/v2\/comments?post=11703"}],"version-history":[{"count":1,"href":"https:\/\/www.aestrada.com.br\/v1\/wp-json\/wp\/v2\/posts\/11703\/revisions"}],"predecessor-version":[{"id":11704,"href":"https:\/\/www.aestrada.com.br\/v1\/wp-json\/wp\/v2\/posts\/11703\/revisions\/11704"}],"wp:attachment":[{"href":"https:\/\/www.aestrada.com.br\/v1\/wp-json\/wp\/v2\/media?parent=11703"}],"wp:term":[{"taxonomy":"category","embeddable":true,"href":"https:\/\/www.aestrada.com.br\/v1\/wp-json\/wp\/v2\/categories?post=11703"},{"taxonomy":"post_tag","embeddable":true,"href":"https:\/\/www.aestrada.com.br\/v1\/wp-json\/wp\/v2\/tags?post=11703"}],"curies":[{"name":"wp","href":"https:\/\/api.w.org\/{rel}","templated":true}]}}