{"id":10843,"date":"2025-08-08T00:31:44","date_gmt":"2025-08-08T03:31:44","guid":{"rendered":"https:\/\/www.aestrada.com.br\/v1\/?p=10843"},"modified":"2025-08-08T00:32:02","modified_gmt":"2025-08-08T03:32:02","slug":"tem-cabide-no-motel","status":"publish","type":"post","link":"https:\/\/www.aestrada.com.br\/v1\/2025\/08\/08\/tem-cabide-no-motel\/","title":{"rendered":"TEM CABIDE NO MOTEL?"},"content":{"rendered":"<p>(Chico Ribeiro Neto)<\/p>\n<p>Todo mundo tem uma hist\u00f3ria engra\u00e7ada de motel que viveu ou ouviu contar.<\/p>\n<p>Antes dos mot\u00e9is surgirem em Salvador, frequentava-se muito os hot\u00e9is da Travessa Bom Gosto da Cal\u00e7ada (nome sugestivo) que antes recebiam os passageiros dos trens da Via\u00e7\u00e3o F\u00e9rrea Federal Leste Brasileiro. Recebiam, agora, os passageiros do amor.<\/p>\n<p>Fui a um desses hot\u00e9is um dia, \u00e0 tarde. Antes de chegar no quarto, passamos por uma mulher batendo vitamina no liquidificador, menino fazendo dever e uma senhora passando roupa. O quarto era l\u00e1 no fundo do corredor.<\/p>\n<p>Conhe\u00e7o um casal que, quando foi a um motel pela primeira vez, ela levou uma sacola. \u201cO que \u00e9 isso?, perguntou o namorado quando entraram no quarto, e ela respondeu:<\/p>\n<p>\u201cVoc\u00ea acha que eu vou deitar em len\u00e7ol de motel, que eu vou botar minha cabe\u00e7a em travesseiro de motel e que eu vou me enxugar com toalha de motel?\u201d Ela levou n\u00e3o s\u00f3 len\u00e7ol, fronhas, toalhas e sabonete, mas tamb\u00e9m dois travesseiros.<\/p>\n<p>Uma vez, a revista \u201cPlayboy\u201d fez uma mat\u00e9ria com gar\u00e7ons de motel. Havia hist\u00f3rias hil\u00e1rias, como essa: sexta-feira \u00e0 noite era uma grande fila de espera de carros na parte interna do motel e os gar\u00e7ons atendiam nos ve\u00edculos os casais que estavam \u00e1 espera do amor. Mais de uma hora depois o gar\u00e7om foi avisar ao primeiro da fila que o apartamento 9 estava dispon\u00edvel, e o motorista respondeu: \u201cAgora n\u00e3o precisa mais. Obrigado.\u201d Fez a volta e foi embora.<\/p>\n<p>E tem a de Roberto Carlos. Um colega jornalista arranjou uma namorada e foram pro motel. Ainda estavam nas preliminares quando o som na cabeceira do quarto tocou \u201cDetalhes\u201d, com Roberto Carlos. Ela n\u00e3o aguentou: \u201cEu n\u00e3o posso, bu\u00e1-bu\u00e1, ouvir essa m\u00fasica, bu\u00e1-bu\u00e1, porque lembro logo, bu\u00e1, do meu noivo. A gente acabou o noivado tem menos de um m\u00eas, bu\u00e1-bu\u00e1, n\u00e3o consigo mais fazer amor, bu\u00e1, quero ir embora, bu\u00e1\u00e1\u00e1\u00e1. Dito e feito, nada pra ningu\u00e9m.<\/p>\n<p>Aconselhei ele que, sempre que fosse a um motel, perguntasse na portaria: \u201cA\u00ed toca Roberto Carlos? Se tocar, eu n\u00e3o entro\u201d.<\/p>\n<p>Havia um velho rep\u00f3rter em Salvador que perguntou a um fot\u00f3grafo bo\u00eamio se ele conhecia algum hotel de encontro no centro da cidade. Ele deu o endere\u00e7o do hotelzinho de um amigo e recomendou: \u201cPe\u00e7a o quarto 7, que \u00e9 o \u00fanico que tem janela\u201d.<\/p>\n<p>Uma semana depois o fot\u00f3grafo encontra o dono do hotel na rua e pergunta:<\/p>\n<p>\u201cMandei um amigo l\u00e1 outro dia, voc\u00ea viu?\u201d<\/p>\n<p>\u201cPorra, que velho chato da porra!\u201d<\/p>\n<p>\u201cPor que? O que foi que aconteceu?\u201d<\/p>\n<p>\u201cO velho vem transar e fez o maior escarc\u00e9u porque n\u00e3o tinha cabide no guarda-roupa. Ligou pra portaria e s\u00f3 sossegou quando levaram um cabide.\u201d<\/p>\n<p>Dias depois, encontro o velho rep\u00f3rter e pergunto pela hist\u00f3ria:<\/p>\n<p>\u201cFoi isso mesmo?\u201d<\/p>\n<p>\u201cFoi, sim senhor. Eu ia pendurar minha cal\u00e7a aonde?\u201d<\/p>\n<p>(Veja cr\u00f4nicas anteriores em leiamaisba.com.br)<\/p>\n<p>&nbsp;<\/p>\n","protected":false},"excerpt":{"rendered":"<p>(Chico Ribeiro Neto) Todo mundo tem uma hist\u00f3ria engra\u00e7ada de motel que viveu ou ouviu contar. Antes dos mot\u00e9is surgirem em Salvador, frequentava-se muito os hot\u00e9is da Travessa Bom Gosto da Cal\u00e7ada (nome sugestivo) que antes recebiam os passageiros dos trens da Via\u00e7\u00e3o F\u00e9rrea Federal Leste Brasileiro. Recebiam, agora, os passageiros do amor. Fui a [&hellip;]<\/p>\n","protected":false},"author":3,"featured_media":0,"comment_status":"open","ping_status":"open","sticky":false,"template":"","format":"standard","meta":{"_links_to":"","_links_to_target":""},"categories":[1],"tags":[],"_links":{"self":[{"href":"https:\/\/www.aestrada.com.br\/v1\/wp-json\/wp\/v2\/posts\/10843"}],"collection":[{"href":"https:\/\/www.aestrada.com.br\/v1\/wp-json\/wp\/v2\/posts"}],"about":[{"href":"https:\/\/www.aestrada.com.br\/v1\/wp-json\/wp\/v2\/types\/post"}],"author":[{"embeddable":true,"href":"https:\/\/www.aestrada.com.br\/v1\/wp-json\/wp\/v2\/users\/3"}],"replies":[{"embeddable":true,"href":"https:\/\/www.aestrada.com.br\/v1\/wp-json\/wp\/v2\/comments?post=10843"}],"version-history":[{"count":1,"href":"https:\/\/www.aestrada.com.br\/v1\/wp-json\/wp\/v2\/posts\/10843\/revisions"}],"predecessor-version":[{"id":10844,"href":"https:\/\/www.aestrada.com.br\/v1\/wp-json\/wp\/v2\/posts\/10843\/revisions\/10844"}],"wp:attachment":[{"href":"https:\/\/www.aestrada.com.br\/v1\/wp-json\/wp\/v2\/media?parent=10843"}],"wp:term":[{"taxonomy":"category","embeddable":true,"href":"https:\/\/www.aestrada.com.br\/v1\/wp-json\/wp\/v2\/categories?post=10843"},{"taxonomy":"post_tag","embeddable":true,"href":"https:\/\/www.aestrada.com.br\/v1\/wp-json\/wp\/v2\/tags?post=10843"}],"curies":[{"name":"wp","href":"https:\/\/api.w.org\/{rel}","templated":true}]}}