{"id":10841,"date":"2025-08-08T00:28:19","date_gmt":"2025-08-08T03:28:19","guid":{"rendered":"https:\/\/www.aestrada.com.br\/v1\/?p=10841"},"modified":"2025-08-08T00:28:27","modified_gmt":"2025-08-08T03:28:27","slug":"aquela-moca-da-penha","status":"publish","type":"post","link":"https:\/\/www.aestrada.com.br\/v1\/2025\/08\/08\/aquela-moca-da-penha\/","title":{"rendered":"AQUELA MO\u00c7A DA PENHA"},"content":{"rendered":"<p>Poeminha de autoria do jornalista e escritor Jeremias Mac\u00e1rio<\/p>\n<p>Eu vi<\/p>\n<p>Aquela mo\u00e7a da Penha,<\/p>\n<p>No arrasto dos joelhos,<\/p>\n<p>Como guia, pela corrente<\/p>\n<p>Sua mente seguia<\/p>\n<p>Pelos quatrocentos degraus,<\/p>\n<p>No segredo da sua senha:<\/p>\n<p>Imaginei ser f\u00e9 e devo\u00e7\u00e3o,<\/p>\n<p>E ela riu pra mim,<\/p>\n<p>Com aceno da sua m\u00e3o.<\/p>\n<p>&nbsp;<\/p>\n<p>Eu vi<\/p>\n<p>Aquela mo\u00e7a da Penha,<\/p>\n<p>Adiantei meus passos,<\/p>\n<p>Do alto fiz meus la\u00e7os,<\/p>\n<p>Na Igreja, o padre<\/p>\n<p>Ministrava um batizado,<\/p>\n<p>Pedia a todos fi\u00e9is<\/p>\n<p>Renegar o satan\u00e1s;<\/p>\n<p>Fotografei todo geral;<\/p>\n<p>Lembrei de Jesus e Caif\u00e1s,<\/p>\n<p>Entre os bons e os maus.<\/p>\n<p>&nbsp;<\/p>\n<p>Eu vi<\/p>\n<p>Aquela mo\u00e7a da Penha,<\/p>\n<p>T\u00e3o singela e contente,<\/p>\n<p>De alma doce valente<\/p>\n<p>E n\u00e3o mais perdi seu reflexo<\/p>\n<p>Daquele m\u00e1gico momento<\/p>\n<p>Ao lado do Complexo<\/p>\n<p>Santo e violento.<\/p>\n<p>&nbsp;<\/p>\n<p>&nbsp;<\/p>\n","protected":false},"excerpt":{"rendered":"<p>Poeminha de autoria do jornalista e escritor Jeremias Mac\u00e1rio Eu vi Aquela mo\u00e7a da Penha, No arrasto dos joelhos, Como guia, pela corrente Sua mente seguia Pelos quatrocentos degraus, No segredo da sua senha: Imaginei ser f\u00e9 e devo\u00e7\u00e3o, E ela riu pra mim, Com aceno da sua m\u00e3o. &nbsp; Eu vi Aquela mo\u00e7a da [&hellip;]<\/p>\n","protected":false},"author":3,"featured_media":0,"comment_status":"open","ping_status":"open","sticky":false,"template":"","format":"standard","meta":{"_links_to":"","_links_to_target":""},"categories":[6],"tags":[],"_links":{"self":[{"href":"https:\/\/www.aestrada.com.br\/v1\/wp-json\/wp\/v2\/posts\/10841"}],"collection":[{"href":"https:\/\/www.aestrada.com.br\/v1\/wp-json\/wp\/v2\/posts"}],"about":[{"href":"https:\/\/www.aestrada.com.br\/v1\/wp-json\/wp\/v2\/types\/post"}],"author":[{"embeddable":true,"href":"https:\/\/www.aestrada.com.br\/v1\/wp-json\/wp\/v2\/users\/3"}],"replies":[{"embeddable":true,"href":"https:\/\/www.aestrada.com.br\/v1\/wp-json\/wp\/v2\/comments?post=10841"}],"version-history":[{"count":1,"href":"https:\/\/www.aestrada.com.br\/v1\/wp-json\/wp\/v2\/posts\/10841\/revisions"}],"predecessor-version":[{"id":10842,"href":"https:\/\/www.aestrada.com.br\/v1\/wp-json\/wp\/v2\/posts\/10841\/revisions\/10842"}],"wp:attachment":[{"href":"https:\/\/www.aestrada.com.br\/v1\/wp-json\/wp\/v2\/media?parent=10841"}],"wp:term":[{"taxonomy":"category","embeddable":true,"href":"https:\/\/www.aestrada.com.br\/v1\/wp-json\/wp\/v2\/categories?post=10841"},{"taxonomy":"post_tag","embeddable":true,"href":"https:\/\/www.aestrada.com.br\/v1\/wp-json\/wp\/v2\/tags?post=10841"}],"curies":[{"name":"wp","href":"https:\/\/api.w.org\/{rel}","templated":true}]}}