{"id":10610,"date":"2025-05-16T22:34:53","date_gmt":"2025-05-17T01:34:53","guid":{"rendered":"https:\/\/www.aestrada.com.br\/v1\/?p=10610"},"modified":"2025-05-16T22:35:00","modified_gmt":"2025-05-17T01:35:00","slug":"conclave-conchavos-e-o-congresso","status":"publish","type":"post","link":"https:\/\/www.aestrada.com.br\/v1\/2025\/05\/16\/conclave-conchavos-e-o-congresso\/","title":{"rendered":"CONCLAVE, &#8220;CONCHAVOS&#8221; E O CONGRESSO"},"content":{"rendered":"<p>IMAGINE OS BRASILEIROS FECHAREM TODAS AS PORTAS DO CONGRESSO NACIONAL, DAS ASSEMBLEIAS ESTADUAIS E DAS C\u00c2MARAS DE VEREADORES E DEIXAREM ESSES POL\u00cdTICOS L\u00c1 DENTRO TRANCADOS AT\u00c9 QUE DECIDAM LEGISLAR EM BENEF\u00cdCIO DO NOSSO POVO, SEM CORRUP\u00c7\u00c3O E MALFEITOS! SERIA UMA ESP\u00c9CIE DE CONCLAVE POL\u00cdTICO &#8211; SUGERIU UM AMIGO.<\/p>\n<p>Essa ideia veio \u00e0 tona enquanto conversava com um camarada amigo sobre a hist\u00f3ria do primeiro conclave papal (em latim, cum clavis, literalmente, com chaves), na cidade de Viterbo, na It\u00e1lia, isto h\u00e1 mais de 700 anos, que levou 1006 dias (dois anos e nove meses) para eleger o Papa Greg\u00f3rio X, quando a popula\u00e7\u00e3o da cidade se irritou com a demora e resolveu trancar os cardeais para agilizar a decis\u00e3o da escolha do pontificado.<\/p>\n<p>Como eram os habitantes que pagavam (n\u00f3s tamb\u00e9m custeamos os poderes) as despesas com alimentos e outros itens, as lideran\u00e7as fecharam a porta principal do recinto e ficaram com as chaves. Passaram, ent\u00e3o, de forma torturante, somente fornecer p\u00e3o e vinho visando apressar a elei\u00e7\u00e3o que parecia n\u00e3o terminar por causa dos conchavos entre eles para indicar um nome.<\/p>\n<p>Estava eu a contar essa passagem hist\u00f3rica quando o amigo espirituoso veio l\u00e1 com sua ideia estapaf\u00fardia e ut\u00f3pica de se fazer o mesmo com o Congresso Nacional at\u00e9 que os parlamentares tomassem vergonha na cara; reduzissem o n\u00famero de seus membros; cortassem seus sal\u00e1rios, mordomias e verbas de indeniza\u00e7\u00e3o pela metade; eliminassem as emendas; votassem somente projetos de interesse da popula\u00e7\u00e3o; acabassem com os conchavos do \u201ctoma l\u00e1, d\u00e1 c\u00e1\u201d; e elaborassem uma reforma eleitoral s\u00e9ria e limpa.<\/p>\n<p>Ele sugeriu que os brasileiros, que tamb\u00e9m sustentam os pol\u00edticos, fechassem as portas do Congresso, de suas assembleias estaduais e de suas c\u00e2maras de vereadores e s\u00f3 fornecessem p\u00e3o e \u00e1gua (nada de vinho) at\u00e9 que eles atendessem as aspira\u00e7\u00f5es do povo. Depois do que aconteceu em Viterbo, o Greg\u00f3rio X aprendeu a li\u00e7\u00e3o e estabeleceu regras para o conclave no Conc\u00edlio de Lyon, em 1274, e outros sucessores introduziram novas regras.<\/p>\n<p>&#8211; Cara, em se tratando do Brasil, com um dos Congressos (513 deputados e 81 senadores) mais caros do mundo, onde um parlamentar recebe cerca de tr\u00eas milh\u00f5es de reais por ano do nosso or\u00e7amento, esses cabras n\u00e3o largariam o osso. Eles iam preferir morrer t\u00edsicos de fome. A gan\u00e2ncia deles n\u00e3o tem tamanho e n\u00e3o medem as consequ\u00eancias &#8211; respondi, depois de refletir um pouco sobre a quest\u00e3o.<\/p>\n<p>Um outro sujeito ao lado da mesa do bar que acabara de ouvir o papo \u201cmaluco beleza\u201d concordou e ainda acrescentou que eles arranjariam um jeitinho de fugir ou subornar brasileiros traidores para tirarem c\u00f3pias das chaves e soltar a cambada toda. Pior \u00e9 a vingan\u00e7a que viria depois &#8211; completou.<\/p>\n<p>Raciocinei melhor e retruquei que nessa terra tupiniquim do Pau Brasil ou da Vera Cruz, de 525 anos invadida pelos portugueses degredados e malfeitores, essa proposta do amigo revolucion\u00e1rio n\u00e3o iria para frente e seria at\u00e9 rid\u00edculo.<\/p>\n<p>&#8211; Ora, por que n\u00e3o, se deu resultado com os cardeais l\u00e1 na cidade de Viterbo h\u00e1 mais de 700 anos? Acostumados com a fartura de mesas recheadas de produtos caros importados, eles n\u00e3o aguentariam passar fome com p\u00e3o e \u00e1gua.<\/p>\n<p>&#8211; Quando voc\u00ea tirou da sua cabe\u00e7a essa sugest\u00e3o esquisita de b\u00eabado, n\u00e3o se tocou que a maioria desses parlamentares n\u00e3o frequenta as sess\u00f5es. As vota\u00e7\u00f5es agora s\u00e3o virtuais, l\u00e1 de suas confort\u00e1veis mans\u00f5es. Al\u00e9m do mais, outros nem v\u00e3o l\u00e1, passam o tempo gazeteando e viajando, com atestados fajutos e comprados -argumentei.<\/p>\n<p>&#8211; Outra coisa que voc\u00ea n\u00e3o parou para pensar \u00e9 que os adeptos das bancadas ruralistas, evang\u00e9licas, da bala e at\u00e9 traficantes da pesada iriam para as portas desses legislativos com cartazes pedir o fim do conclave, ou com chaves. Essa coisa ia virar um fuzu\u00ea danado, sem falar na pol\u00edcia que iria baixar a porrada. Enquanto isso, l\u00e1 dentro era ladr\u00e3o roubando ladr\u00e3o, tramando seus conchavos.<\/p>\n<p>&#8211; Bem, foi apenas uma ideia que passou pela minha cabe\u00e7a como forma de acabar com essa ladroeira desse poder legislativo brasileiro que atravanca o desenvolvimento do Brasil, mas aqui a sociedade \u00e9 toda dividida e uns passam o tempo odiando os outros, ao inv\u00e9s de se unirem.<\/p>\n<p>&#8211; Esquece o que falei e vamos tomar nossas geladas, sem traumas, sem conclave, de portas abertas mesmo &#8211; finalizou o amigo, meio que sem gra\u00e7a. \u00a0Voc\u00ea que veio com esse tal de conclave de cardeais que elegeu um le\u00e3o XIV.<\/p>\n<p>&nbsp;<\/p>\n<p>&nbsp;<\/p>\n<p>&nbsp;<\/p>\n","protected":false},"excerpt":{"rendered":"<p>IMAGINE OS BRASILEIROS FECHAREM TODAS AS PORTAS DO CONGRESSO NACIONAL, DAS ASSEMBLEIAS ESTADUAIS E DAS C\u00c2MARAS DE VEREADORES E DEIXAREM ESSES POL\u00cdTICOS L\u00c1 DENTRO TRANCADOS AT\u00c9 QUE DECIDAM LEGISLAR EM BENEF\u00cdCIO DO NOSSO POVO, SEM CORRUP\u00c7\u00c3O E MALFEITOS! SERIA UMA ESP\u00c9CIE DE CONCLAVE POL\u00cdTICO &#8211; SUGERIU UM AMIGO. Essa ideia veio \u00e0 tona enquanto conversava [&hellip;]<\/p>\n","protected":false},"author":3,"featured_media":0,"comment_status":"open","ping_status":"open","sticky":false,"template":"","format":"standard","meta":{"_links_to":"","_links_to_target":""},"categories":[1],"tags":[],"_links":{"self":[{"href":"https:\/\/www.aestrada.com.br\/v1\/wp-json\/wp\/v2\/posts\/10610"}],"collection":[{"href":"https:\/\/www.aestrada.com.br\/v1\/wp-json\/wp\/v2\/posts"}],"about":[{"href":"https:\/\/www.aestrada.com.br\/v1\/wp-json\/wp\/v2\/types\/post"}],"author":[{"embeddable":true,"href":"https:\/\/www.aestrada.com.br\/v1\/wp-json\/wp\/v2\/users\/3"}],"replies":[{"embeddable":true,"href":"https:\/\/www.aestrada.com.br\/v1\/wp-json\/wp\/v2\/comments?post=10610"}],"version-history":[{"count":1,"href":"https:\/\/www.aestrada.com.br\/v1\/wp-json\/wp\/v2\/posts\/10610\/revisions"}],"predecessor-version":[{"id":10611,"href":"https:\/\/www.aestrada.com.br\/v1\/wp-json\/wp\/v2\/posts\/10610\/revisions\/10611"}],"wp:attachment":[{"href":"https:\/\/www.aestrada.com.br\/v1\/wp-json\/wp\/v2\/media?parent=10610"}],"wp:term":[{"taxonomy":"category","embeddable":true,"href":"https:\/\/www.aestrada.com.br\/v1\/wp-json\/wp\/v2\/categories?post=10610"},{"taxonomy":"post_tag","embeddable":true,"href":"https:\/\/www.aestrada.com.br\/v1\/wp-json\/wp\/v2\/tags?post=10610"}],"curies":[{"name":"wp","href":"https:\/\/api.w.org\/{rel}","templated":true}]}}