{"id":10601,"date":"2025-05-16T00:56:49","date_gmt":"2025-05-16T03:56:49","guid":{"rendered":"https:\/\/www.aestrada.com.br\/v1\/?p=10601"},"modified":"2025-05-16T00:56:55","modified_gmt":"2025-05-16T03:56:55","slug":"as-antigas-impressoras-e-um-museu","status":"publish","type":"post","link":"https:\/\/www.aestrada.com.br\/v1\/2025\/05\/16\/as-antigas-impressoras-e-um-museu\/","title":{"rendered":"AS ANTIGAS IMPRESSORAS E UM MUSEU"},"content":{"rendered":"<p><a href=\"https:\/\/www.aestrada.com.br\/v1\/wp-content\/uploads\/2025\/05\/DSC_9278.jpg\"><img loading=\"lazy\" class=\"aligncenter size-full wp-image-10602\" src=\"https:\/\/www.aestrada.com.br\/v1\/wp-content\/uploads\/2025\/05\/DSC_9278.jpg\" alt=\"\" width=\"550\" height=\"365\" srcset=\"https:\/\/www.aestrada.com.br\/v1\/wp-content\/uploads\/2025\/05\/DSC_9278.jpg 550w, https:\/\/www.aestrada.com.br\/v1\/wp-content\/uploads\/2025\/05\/DSC_9278-300x199.jpg 300w\" sizes=\"(max-width: 550px) 100vw, 550px\" \/><\/a><\/p>\n<p><a href=\"https:\/\/www.aestrada.com.br\/v1\/wp-content\/uploads\/2025\/05\/DSC_9279.jpg\"><img loading=\"lazy\" class=\"aligncenter size-full wp-image-10603\" src=\"https:\/\/www.aestrada.com.br\/v1\/wp-content\/uploads\/2025\/05\/DSC_9279.jpg\" alt=\"\" width=\"550\" height=\"365\" srcset=\"https:\/\/www.aestrada.com.br\/v1\/wp-content\/uploads\/2025\/05\/DSC_9279.jpg 550w, https:\/\/www.aestrada.com.br\/v1\/wp-content\/uploads\/2025\/05\/DSC_9279-300x199.jpg 300w\" sizes=\"(max-width: 550px) 100vw, 550px\" \/><\/a><\/p>\n<p>Aos 14 anos de idade, seu M\u00e1rio Macedo Soares j\u00e1 era um gr\u00e1fico em Vit\u00f3ria da Conquista, isso nos anos 70, e at\u00e9 hoje ainda trabalha com algumas impressoras antigas, em contraste com os tempos atuais da evolu\u00e7\u00e3o tecnol\u00f3gica onde tudo \u00e9 produzido atrav\u00e9s de modernos equipamentos, mais \u00e1geis e automatizados. No entanto, a efici\u00eancia das gr\u00e1ficas antigas \u00e9 reconhecida at\u00e9 hoje. Ao longo dos anos, como acontece com o nosso patrim\u00f4nio hist\u00f3rico arquitet\u00f4nico, essas preciosas pe\u00e7as, muitas italianas, inglesas e alem\u00e3s, flagradas pelas lentes digitais, foram sendo vendidas como sucatas e depois derretidas como ferro velho para sider\u00fargicas. \u00c9 como o desmatamento das nossas florestas. Uma pena que pouca coisa foi conservada e hoje \u00e9 raro encontrar, por exemplo, uma m\u00e1quina linotipo, que me faz lembrar dos anos 70 quando ingressei na profiss\u00e3o jornal\u00edstica, primeiro como revisor e depois como rep\u00f3rter e editor. Com a evolu\u00e7\u00e3o tecnol\u00f3gica, passamos da impress\u00e3o chamada a quente (linotipos \u00e0 base do chumbo) para t\u00e9cnica a frio.<\/p>\n<p>MUSEU DA IMPRENSA<\/p>\n<p><a href=\"https:\/\/www.aestrada.com.br\/v1\/wp-content\/uploads\/2025\/05\/DSC_9277.jpg\"><img loading=\"lazy\" class=\"aligncenter size-full wp-image-10604\" src=\"https:\/\/www.aestrada.com.br\/v1\/wp-content\/uploads\/2025\/05\/DSC_9277.jpg\" alt=\"\" width=\"550\" height=\"365\" srcset=\"https:\/\/www.aestrada.com.br\/v1\/wp-content\/uploads\/2025\/05\/DSC_9277.jpg 550w, https:\/\/www.aestrada.com.br\/v1\/wp-content\/uploads\/2025\/05\/DSC_9277-300x199.jpg 300w\" sizes=\"(max-width: 550px) 100vw, 550px\" \/><\/a><\/p>\n<p>V\u00e1rias vezes comentei com amigos companheiros de profiss\u00e3o e interessados no assunto de preserva\u00e7\u00e3o da nossa mem\u00f3ria, sobre a ideia de fundarmos aqui em Conquista um museu da imprensa, como forma de resgatarmos a hist\u00f3ria do jornal impresso. Lament\u00e1vel que essa iniciativa n\u00e3o foi para frente e terminou ficando no imagin\u00e1rio, muito por conta da falta de recursos para adquirir esses maquin\u00e1rios e jornais impressos, bem como de um local adequado para instala\u00e7\u00e3o desse museu. Quanto mais o tempo passa, mais fica dif\u00edcil concretizar esse projeto que, com certeza, seria de grande valia para a cidade, para toda regi\u00e3o sudoeste e para a classe jornal\u00edstica. Cada um de n\u00f3s tem suas atividades, suas individualidades, seus interesses pr\u00f3prios e um projeto desse porte, que seria um legado para a posteridade, vai ficando de lado, como se n\u00e3o tivesse nenhuma import\u00e2ncia. Nem o poder p\u00fablico se mostra interessado em apoiar a cria\u00e7\u00e3o desse museu.<\/p>\n<p><a href=\"https:\/\/www.aestrada.com.br\/v1\/wp-content\/uploads\/2025\/05\/DSC_9269.jpg\"><img loading=\"lazy\" class=\"aligncenter size-full wp-image-10605\" src=\"https:\/\/www.aestrada.com.br\/v1\/wp-content\/uploads\/2025\/05\/DSC_9269.jpg\" alt=\"\" width=\"550\" height=\"365\" srcset=\"https:\/\/www.aestrada.com.br\/v1\/wp-content\/uploads\/2025\/05\/DSC_9269.jpg 550w, https:\/\/www.aestrada.com.br\/v1\/wp-content\/uploads\/2025\/05\/DSC_9269-300x199.jpg 300w\" sizes=\"(max-width: 550px) 100vw, 550px\" \/><\/a><\/p>\n<p>&nbsp;<\/p>\n<p><a href=\"https:\/\/www.aestrada.com.br\/v1\/wp-content\/uploads\/2025\/05\/DSC_9276.jpg\"><img loading=\"lazy\" class=\"aligncenter size-full wp-image-10608\" src=\"https:\/\/www.aestrada.com.br\/v1\/wp-content\/uploads\/2025\/05\/DSC_9276.jpg\" alt=\"\" width=\"550\" height=\"365\" srcset=\"https:\/\/www.aestrada.com.br\/v1\/wp-content\/uploads\/2025\/05\/DSC_9276.jpg 550w, https:\/\/www.aestrada.com.br\/v1\/wp-content\/uploads\/2025\/05\/DSC_9276-300x199.jpg 300w\" sizes=\"(max-width: 550px) 100vw, 550px\" \/><\/a><\/p>\n","protected":false},"excerpt":{"rendered":"<p>Aos 14 anos de idade, seu M\u00e1rio Macedo Soares j\u00e1 era um gr\u00e1fico em Vit\u00f3ria da Conquista, isso nos anos 70, e at\u00e9 hoje ainda trabalha com algumas impressoras antigas, em contraste com os tempos atuais da evolu\u00e7\u00e3o tecnol\u00f3gica onde tudo \u00e9 produzido atrav\u00e9s de modernos equipamentos, mais \u00e1geis e automatizados. No entanto, a efici\u00eancia [&hellip;]<\/p>\n","protected":false},"author":3,"featured_media":0,"comment_status":"open","ping_status":"open","sticky":false,"template":"","format":"standard","meta":{"_links_to":"","_links_to_target":""},"categories":[5],"tags":[],"_links":{"self":[{"href":"https:\/\/www.aestrada.com.br\/v1\/wp-json\/wp\/v2\/posts\/10601"}],"collection":[{"href":"https:\/\/www.aestrada.com.br\/v1\/wp-json\/wp\/v2\/posts"}],"about":[{"href":"https:\/\/www.aestrada.com.br\/v1\/wp-json\/wp\/v2\/types\/post"}],"author":[{"embeddable":true,"href":"https:\/\/www.aestrada.com.br\/v1\/wp-json\/wp\/v2\/users\/3"}],"replies":[{"embeddable":true,"href":"https:\/\/www.aestrada.com.br\/v1\/wp-json\/wp\/v2\/comments?post=10601"}],"version-history":[{"count":1,"href":"https:\/\/www.aestrada.com.br\/v1\/wp-json\/wp\/v2\/posts\/10601\/revisions"}],"predecessor-version":[{"id":10609,"href":"https:\/\/www.aestrada.com.br\/v1\/wp-json\/wp\/v2\/posts\/10601\/revisions\/10609"}],"wp:attachment":[{"href":"https:\/\/www.aestrada.com.br\/v1\/wp-json\/wp\/v2\/media?parent=10601"}],"wp:term":[{"taxonomy":"category","embeddable":true,"href":"https:\/\/www.aestrada.com.br\/v1\/wp-json\/wp\/v2\/categories?post=10601"},{"taxonomy":"post_tag","embeddable":true,"href":"https:\/\/www.aestrada.com.br\/v1\/wp-json\/wp\/v2\/tags?post=10601"}],"curies":[{"name":"wp","href":"https:\/\/api.w.org\/{rel}","templated":true}]}}