{"id":10349,"date":"2025-02-25T23:20:48","date_gmt":"2025-02-26T02:20:48","guid":{"rendered":"https:\/\/www.aestrada.com.br\/v1\/?p=10349"},"modified":"2025-02-25T23:20:54","modified_gmt":"2025-02-26T02:20:54","slug":"as-oracoes-e-a-morte","status":"publish","type":"post","link":"https:\/\/www.aestrada.com.br\/v1\/2025\/02\/25\/as-oracoes-e-a-morte\/","title":{"rendered":"AS ORA\u00c7\u00d5ES E A MORTE"},"content":{"rendered":"<p>\u00c9 muito comum e natural entre n\u00f3s humanos mortais apelarmos para correntes de ora\u00e7\u00f5es quando um ente querido se encontra no leito de morte em estado praticamente terminal, como se as preces tornassem a vida imortal.<\/p>\n<p>\u00c9 um sentimento que brota, como se as ora\u00e7\u00f5es fossem eliminar a morte, quando, no m\u00e1ximo, essa energia pode apenas adiar a chegada final por alguns dias ou horas. No mundo cient\u00edfico, essa fun\u00e7\u00e3o \u00e9 exercida pela medicina atrav\u00e9s de famosos m\u00e9dicos, isto para quem \u00e9 rico, bem como medicamentos sofisticados e caros que combatem determinadas doen\u00e7as.<\/p>\n<p>Quando se tem dinheiro de sobra, o doente \u00e9 levado para um hospital de primeira linha, com equipamentos de tecnologia de ponta, pagando di\u00e1rias alt\u00edssimas. Muitos at\u00e9 conseguem se salvar e a\u00ed ouvimos aquela frase de que se fosse um pobre teria morrido. N\u00e3o deixa de ser uma verdade, mas ningu\u00e9m escapa dela.<\/p>\n<p>Mesmo com o poder do capital, sempre existiu o embate entre a f\u00e9, a ci\u00eancia e a morte, tendo como vencedor esta \u00faltima. No caso do Papa Francisco, por exemplo, estamos acompanhando esta corrente de ora\u00e7\u00f5es entre os crist\u00e3os cat\u00f3licos e at\u00e9 de n\u00e3o adeptos da religi\u00e3o para que o pont\u00edfice seja curado da sua pneumonia cr\u00f4nica.<\/p>\n<p>Com 88 anos, ele j\u00e1 se encontra sem for\u00e7as no hospital, apesar de todos cuidados m\u00e9dicos, e tor\u00e7o para que ele volte, mas precisamos ser realistas quanto a senten\u00e7a final que todo ser humano e vivente na terra recebe quando nasce. N\u00e3o h\u00e1 sa\u00edda e escapat\u00f3ria. Na vida real procuramos evitar falar nela porque achamos ser pensamento macabro.<\/p>\n<p>No caso espec\u00edfico do Papa, presenciamos estas cenas de ora\u00e7\u00f5es e preces todas as vezes que um dele entra em estado cr\u00edtico de sa\u00fade e passa um tempo ou dias sofrendo na cama. Com ora\u00e7\u00f5es, ou n\u00e3o, todos eles se foram.<\/p>\n<p>Na minha vis\u00e3o cr\u00edtica, n\u00e3o seria mais l\u00f3gico e sensato que as ora\u00e7\u00f5es fossem no sentido de que ele partisse sem tantos sofrimentos? Isso serve parta qualquer um que j\u00e1 est\u00e1 com idade avan\u00e7ada, alguns at\u00e9 em coma, desenganados pelos m\u00e9dicos. Fala-se em milagres.<\/p>\n<p>Os filhos e os parentes mais pr\u00f3ximos (pode acontecer o contr\u00e1rio) se juntam para rezar no sentido de que aquela pessoa sobreviva. Trata-se de uma pr\u00e1tica onde todos comungam da mesma corrente, sem questionar de que somos passageiros. Podemos at\u00e9 nos conformar com tudo na vida, menos com ela.<\/p>\n<p>Pode at\u00e9 ocorrer que o doente levante da cama e volte para casa, e a\u00ed acreditamos que foram as ora\u00e7\u00f5es, mas elas t\u00eam o prazo de validade a vencer quando a danada decide que ali \u00e9 seu ponto final da caminhada, nem t\u00e3o longa assim.<\/p>\n<p>Todos carregamos conosco essa dor da finitude, uns menos e outros mais. Em algumas civiliza\u00e7\u00f5es, no entanto, ela \u00e9 at\u00e9 celebrada com festas, mas no geral entre as religi\u00f5es, a morte causa choros, l\u00e1grimas, berros, tristezas e at\u00e9 histerias.<\/p>\n<p>Existem casos onde o sentimento \u00e9 t\u00e3o forte que a pessoa adoece r\u00e1pido e falece em pouco tempo. Dizem que um chamou o outro, ou o vivo quis segu\u00ed-lo porque o amor foi mais forte. Acontece isso entre casais que s\u00e3o muitos apegados um ao outro. A vida tem seu roteiro de in\u00edcio, meio e fim, como j\u00e1 dizia o poeta.<\/p>\n<p>&nbsp;<\/p>\n<p>&nbsp;<\/p>\n","protected":false},"excerpt":{"rendered":"<p>\u00c9 muito comum e natural entre n\u00f3s humanos mortais apelarmos para correntes de ora\u00e7\u00f5es quando um ente querido se encontra no leito de morte em estado praticamente terminal, como se as preces tornassem a vida imortal. \u00c9 um sentimento que brota, como se as ora\u00e7\u00f5es fossem eliminar a morte, quando, no m\u00e1ximo, essa energia pode [&hellip;]<\/p>\n","protected":false},"author":3,"featured_media":0,"comment_status":"open","ping_status":"open","sticky":false,"template":"","format":"standard","meta":{"_links_to":"","_links_to_target":""},"categories":[1],"tags":[],"_links":{"self":[{"href":"https:\/\/www.aestrada.com.br\/v1\/wp-json\/wp\/v2\/posts\/10349"}],"collection":[{"href":"https:\/\/www.aestrada.com.br\/v1\/wp-json\/wp\/v2\/posts"}],"about":[{"href":"https:\/\/www.aestrada.com.br\/v1\/wp-json\/wp\/v2\/types\/post"}],"author":[{"embeddable":true,"href":"https:\/\/www.aestrada.com.br\/v1\/wp-json\/wp\/v2\/users\/3"}],"replies":[{"embeddable":true,"href":"https:\/\/www.aestrada.com.br\/v1\/wp-json\/wp\/v2\/comments?post=10349"}],"version-history":[{"count":1,"href":"https:\/\/www.aestrada.com.br\/v1\/wp-json\/wp\/v2\/posts\/10349\/revisions"}],"predecessor-version":[{"id":10350,"href":"https:\/\/www.aestrada.com.br\/v1\/wp-json\/wp\/v2\/posts\/10349\/revisions\/10350"}],"wp:attachment":[{"href":"https:\/\/www.aestrada.com.br\/v1\/wp-json\/wp\/v2\/media?parent=10349"}],"wp:term":[{"taxonomy":"category","embeddable":true,"href":"https:\/\/www.aestrada.com.br\/v1\/wp-json\/wp\/v2\/categories?post=10349"},{"taxonomy":"post_tag","embeddable":true,"href":"https:\/\/www.aestrada.com.br\/v1\/wp-json\/wp\/v2\/tags?post=10349"}],"curies":[{"name":"wp","href":"https:\/\/api.w.org\/{rel}","templated":true}]}}