{"id":10037,"date":"2024-11-19T21:01:00","date_gmt":"2024-11-20T00:01:00","guid":{"rendered":"https:\/\/www.aestrada.com.br\/v1\/?p=10037"},"modified":"2024-11-19T21:01:08","modified_gmt":"2024-11-20T00:01:08","slug":"o-primeiro-homem-bomba-tupiniquim","status":"publish","type":"post","link":"https:\/\/www.aestrada.com.br\/v1\/2024\/11\/19\/o-primeiro-homem-bomba-tupiniquim\/","title":{"rendered":"O PRIMEIRO HOMEM BOMBA TUPINIQUIM"},"content":{"rendered":"<p>Na hist\u00f3ria da humanidade n\u00e3o sei qual foi o primeiro homem bomba, mas foi coisa do sapiens h\u00e1 30 mil anos. Pode ter iniciado a partir dos chineses, os inventores da p\u00f3lvora. De qualquer forma, \u00e9 uma a\u00e7\u00e3o de fanatismo suicida, bem como uma forma \u201ccorajosa\u201d de protesto, como do vietnamita nos anos 60 contra a invas\u00e3o norte-americana.<\/p>\n<p>Os primeiros suicidas que explodiam o pr\u00f3prio corpo apareceram entre os s\u00e9culos XIV e XVI. Mais recente, na Segunda Guerra Mundial, tivemos os soldados kamikazes japoneses bem treinados que explodiam seus avi\u00f5es cheios de bombas em terra para destruir seus inimigos, sem promessa de ganhar um lugar no reino dos c\u00e9us com v\u00e1rias donzelas. O pr\u00eamio era se eternizar como her\u00f3is pelo imperador.<\/p>\n<p>Existe tamb\u00e9m o japona que se suicida com sua espada quando se sente envergonhado ao cometer uma ofensa social ou um ato de corrup\u00e7\u00e3o. Ele se sente destru\u00eddo por dentro pelo que fez de errado e prefere tirar a pr\u00f3pria vida. Imaginou se os brasileiros topassem fazer isso? A maioria se suicidaria. N\u00e3o sobraria quase ningu\u00e9m em Bras\u00edlia.<\/p>\n<p>No entanto, foram os fan\u00e1ticos isl\u00e2micos do grupo Al-Qaeda, de Osama Bin Laden, que botaram para quebrar, com direito a um har\u00e9m nos c\u00e9us. Depois vieram os isl\u00e2micos radicais que tentaram criar um califado entre o Iraque e a S\u00edria.<\/p>\n<p>Todos os escolhidos passam por uma lavagem cerebral, s\u00e3o instru\u00eddos em escolas e bem treinados para a miss\u00e3o. Tem que ser cabra macho, ou cabra da peste! O assunto aqui \u00e9 s\u00e9rio, gente, mas vamos tornar mais leve deixando a quest\u00e3o pol\u00edtica de lado.<\/p>\n<p>Bem, vamos parar de \u00f4ba-\u00f4ba e falar do primeiro homem bomba brasileiro tupiniquim, um extremista trapalh\u00e3o que n\u00e3o conseguiu nem acertar a est\u00e1tua da Justi\u00e7a em frente ao Superior Tribunal Federal. N\u00e3o me importa aqui sua ideologia ou prop\u00f3sito pol\u00edtico, mas o cara era uma besta fera mesmo com seus fogos de artif\u00edcio que nem sabia manej\u00e1-los.<\/p>\n<p>Na fuga, o catarinense Francisco Wanderley Luiz, dizem que ele era um chaveiro, depois de v\u00e1rias tentativas, trope\u00e7ou e as bombas explodiram em seu corpo. Primeiro foi para Ceil\u00e2ndia, depois alugou um trailer em Bras\u00edlia e l\u00e1 foi ele com seus fogos de S\u00e3o Jo\u00e3o antes do tempo. Um p\u00e9ssimo fogueteiro fazedor de chaves.<\/p>\n<p>Acho que nem tinha inten\u00e7\u00e3o de se suicidar. Se ele queria mesmo fazer essa loucura, primeiro tinha que passar por um campo de treinamento no I\u00eamen, no Afeganist\u00e3o ou no Paquist\u00e3o, mas n\u00e3o falou com os caras antes e nem tinha grana para receber uma consultoria profissional! Coisa de doido amador!<\/p>\n<p>Francisco n\u00e3o passava de um marinheiro de primeira viagem que enjoou no mar. Tr\u00e1gico e c\u00f4mico, n\u00e3o passa de uma hist\u00f3ria cheia de trapalhadas. J\u00e1 reparou que o Brasil gosta de imitar as outras civiliza\u00e7\u00f5es desde os tempos coloniais!\u00a0 Pois \u00e9, copia atrasado e tamb\u00e9m acaba com a imita\u00e7\u00e3o tempos depois. Veja o caso dos celulares nas escolas.<\/p>\n<p>Um \u201cterrorista\u201d falso, como a nossa Black Friday (\u201csexta-feira negra\u201d), um invento comercial dos ianques no s\u00e9culo XIX, ligado ao Dia de A\u00e7\u00e3o de Gra\u00e7as. No Brasil come\u00e7ou a aparecer nas lojas em 2010 e virou um m\u00eas de engana\u00e7\u00e3o ao consumidor. Como tudo aqui se leva na goza\u00e7\u00e3o e na piada, passaram a chamar de Black Fraude.<\/p>\n<p>O \u201cChico\u201d se deu mal em sua intentona revoltosa e levou uma lapada de fogos. Sei que n\u00e3o devemos debochar da mis\u00e9ria dos outros, mas o mo\u00e7o era um tonto perturbado da cabe\u00e7a. Bem que o Zorro avisou que n\u00e3o ia dar certo e os isl\u00e2micos radicais fan\u00e1ticos devem ter rido das cenas. O super-homem e o Batman n\u00e3o gostaram do que viram, nem o Homem Aranha.<\/p>\n<p>Foi um \u201cau\u00ea\u201d de soldados no Planalto, correndo pra l\u00e1 e pra c\u00e1. Nunca tinham visto aquilo de homem bomba no Brasil! Se a moda pega, na pr\u00f3xima v\u00e3o chamar um instrutor isl\u00e2mico, mas antes vai ter que decorar o alcor\u00e3o para ter a recompensa de um peda\u00e7o no reino celestial com belas mulheres, de prefer\u00eancia brasileiras.<\/p>\n<p>&nbsp;<\/p>\n<p>&nbsp;<\/p>\n<p>&nbsp;<\/p>\n","protected":false},"excerpt":{"rendered":"<p>Na hist\u00f3ria da humanidade n\u00e3o sei qual foi o primeiro homem bomba, mas foi coisa do sapiens h\u00e1 30 mil anos. Pode ter iniciado a partir dos chineses, os inventores da p\u00f3lvora. De qualquer forma, \u00e9 uma a\u00e7\u00e3o de fanatismo suicida, bem como uma forma \u201ccorajosa\u201d de protesto, como do vietnamita nos anos 60 contra [&hellip;]<\/p>\n","protected":false},"author":3,"featured_media":0,"comment_status":"open","ping_status":"open","sticky":false,"template":"","format":"standard","meta":{"_links_to":"","_links_to_target":""},"categories":[1],"tags":[],"_links":{"self":[{"href":"https:\/\/www.aestrada.com.br\/v1\/wp-json\/wp\/v2\/posts\/10037"}],"collection":[{"href":"https:\/\/www.aestrada.com.br\/v1\/wp-json\/wp\/v2\/posts"}],"about":[{"href":"https:\/\/www.aestrada.com.br\/v1\/wp-json\/wp\/v2\/types\/post"}],"author":[{"embeddable":true,"href":"https:\/\/www.aestrada.com.br\/v1\/wp-json\/wp\/v2\/users\/3"}],"replies":[{"embeddable":true,"href":"https:\/\/www.aestrada.com.br\/v1\/wp-json\/wp\/v2\/comments?post=10037"}],"version-history":[{"count":1,"href":"https:\/\/www.aestrada.com.br\/v1\/wp-json\/wp\/v2\/posts\/10037\/revisions"}],"predecessor-version":[{"id":10038,"href":"https:\/\/www.aestrada.com.br\/v1\/wp-json\/wp\/v2\/posts\/10037\/revisions\/10038"}],"wp:attachment":[{"href":"https:\/\/www.aestrada.com.br\/v1\/wp-json\/wp\/v2\/media?parent=10037"}],"wp:term":[{"taxonomy":"category","embeddable":true,"href":"https:\/\/www.aestrada.com.br\/v1\/wp-json\/wp\/v2\/categories?post=10037"},{"taxonomy":"post_tag","embeddable":true,"href":"https:\/\/www.aestrada.com.br\/v1\/wp-json\/wp\/v2\/tags?post=10037"}],"curies":[{"name":"wp","href":"https:\/\/api.w.org\/{rel}","templated":true}]}}